{"id":1066,"date":"2021-04-27T00:08:37","date_gmt":"2021-04-26T22:08:37","guid":{"rendered":"https:\/\/boxmusic.com.pl\/?p=1066"},"modified":"2024-11-07T07:03:29","modified_gmt":"2024-11-07T06:03:29","slug":"nasze-gwiazdy-w-mediach-bernadeta-kowalska-i-frela-blue","status":"publish","type":"post","link":"https:\/\/boxmusic.com.pl\/index.php\/2021\/04\/27\/nasze-gwiazdy-w-mediach-bernadeta-kowalska-i-frela-blue\/","title":{"rendered":"Nasze Gwiazdy w mediach \u2013 Bernadeta Kowalska i Frela Blue"},"content":{"rendered":"\n<p><strong>Niestety na razie nadal nie mo\u017cemy spotka\u0107 si\u0119 z naszymi ulubionymi Gwiazdami na \u017cywo podczas koncert\u00f3w. Jedyn\u0105 namiastk\u0105 pozostaj\u0105 spotkania za po\u015brednictwem medi\u00f3w\u2026<\/strong><\/p>\n\n\n\n<p>Zar\u00f3wno Arty\u015bci, jak i Fani nie mog\u0105 doczeka\u0107 si\u0119, a\u017c w ko\u0144cu nastanie okazja do spotkania na \u017cywo. Niestety na to przyjdzie nam jeszcze troch\u0119 poczeka\u0107. Pozostaje nam spotkanie z naszymi Artystami za po\u015brednictwem medi\u00f3w \u2013 Arty\u015bci pojawiaj\u0105 si\u0119 go\u015bcinnie w niekt\u00f3rych programach telewizyjnych czy radiowych, ale te\u017c maj\u0105 w\u0142asne programy w radiach.<\/p>\n\n\n\n<p>No w\u0142a\u015bnie \u2013 w\u0142a\u015bnie na antenie radiowej macie okazj\u0119 spotka\u0107 si\u0119 z Bernadet\u0105 Kowalsk\u0105 (oraz Krzysztofem Wierzchowskim) w audycji <em>Niedzielne Klachy do po\u0142ednia<\/em> w Radiu FEST. Podczas audycji na \u017cywo S\u0142uchacze maja okazj\u0119 napisa\u0107 pozdrowienia lub komentarz na Facebooku audycji, czy nawet zadzwoni\u0107 do Radia i wypowiedzie\u0107 si\u0119 na \u017cywo na Antenie \u2013 rozmawiaj\u0105c z Bernadet\u0105.<\/p>\n\n\n\n<div class=\"wp-block-image\"><figure class=\"aligncenter size-large is-resized\"><img loading=\"lazy\" decoding=\"async\" src=\"https:\/\/boxmusic.com.pl\/wp-content\/uploads\/2021\/03\/IMG_9797-1024x683.jpg\" alt=\"\" class=\"wp-image-394\" width=\"678\" height=\"452\" srcset=\"https:\/\/boxmusic.com.pl\/wp-content\/uploads\/2021\/03\/IMG_9797-1024x683.jpg 1024w, https:\/\/boxmusic.com.pl\/wp-content\/uploads\/2021\/03\/IMG_9797-300x200.jpg 300w, https:\/\/boxmusic.com.pl\/wp-content\/uploads\/2021\/03\/IMG_9797-768x512.jpg 768w, https:\/\/boxmusic.com.pl\/wp-content\/uploads\/2021\/03\/IMG_9797-1536x1024.jpg 1536w, https:\/\/boxmusic.com.pl\/wp-content\/uploads\/2021\/03\/IMG_9797-2048x1365.jpg 2048w, https:\/\/boxmusic.com.pl\/wp-content\/uploads\/2021\/03\/IMG_9797-1200x800.jpg 1200w, https:\/\/boxmusic.com.pl\/wp-content\/uploads\/2021\/03\/IMG_9797-1980x1320.jpg 1980w, https:\/\/boxmusic.com.pl\/wp-content\/uploads\/2021\/03\/IMG_9797-24x16.jpg 24w, https:\/\/boxmusic.com.pl\/wp-content\/uploads\/2021\/03\/IMG_9797-36x24.jpg 36w, https:\/\/boxmusic.com.pl\/wp-content\/uploads\/2021\/03\/IMG_9797-48x32.jpg 48w\" sizes=\"auto, (max-width: 678px) 100vw, 678px\" \/><\/figure><\/div>\n\n\n\n<p>Na kr\u00f3tkie spotkanie na \u017cywo na Antenie Radiowej \u2013 r\u00f3wnie\u017c w Radiu FEST \u2013 macie r\u00f3wnie\u017c szanse w przypadku Freli Blue. Artystka pojawia si\u0119 na Antenie Radia FEST w poniedzia\u0142kowe przedpo\u0142udnia w programie Dylematy Freli Blue \u2013 to w\u0142a\u015bciwie kr\u00f3tki felieton Freli na wybrany temat, po\u0142\u0105czony z kr\u00f3tk\u0105 rozmow\u0105 z Redaktorami Marcinem Janot\u0105 i Grzegorzem Stasiakiem. Nie brak tu solidnej dawki humoru.<\/p>\n\n\n\n<div class=\"wp-block-image\"><figure class=\"aligncenter size-large is-resized\"><img loading=\"lazy\" decoding=\"async\" src=\"https:\/\/boxmusic.com.pl\/wp-content\/uploads\/2021\/03\/Frela-Blue-1.jpg\" alt=\"\" class=\"wp-image-58\" width=\"573\" height=\"554\" srcset=\"https:\/\/boxmusic.com.pl\/wp-content\/uploads\/2021\/03\/Frela-Blue-1.jpg 795w, https:\/\/boxmusic.com.pl\/wp-content\/uploads\/2021\/03\/Frela-Blue-1-300x290.jpg 300w, https:\/\/boxmusic.com.pl\/wp-content\/uploads\/2021\/03\/Frela-Blue-1-768x742.jpg 768w, https:\/\/boxmusic.com.pl\/wp-content\/uploads\/2021\/03\/Frela-Blue-1-24x24.jpg 24w, https:\/\/boxmusic.com.pl\/wp-content\/uploads\/2021\/03\/Frela-Blue-1-36x36.jpg 36w, https:\/\/boxmusic.com.pl\/wp-content\/uploads\/2021\/03\/Frela-Blue-1-48x46.jpg 48w\" sizes=\"auto, (max-width: 573px) 100vw, 573px\" \/><\/figure><\/div>\n","protected":false},"excerpt":{"rendered":"<p>Niestety na razie nadal nie mo\u017cemy spotka\u0107 si\u0119 z naszymi ulubionymi Gwiazdami na \u017cywo podczas koncert\u00f3w. Jedyn\u0105 namiastk\u0105 pozostaj\u0105 spotkania &hellip; <a href=\"https:\/\/boxmusic.com.pl\/index.php\/2021\/04\/27\/nasze-gwiazdy-w-mediach-bernadeta-kowalska-i-frela-blue\/\" class=\"more-link\"><span class=\"more-button\">Czytaj dalej<span class=\"screen-reader-text\">Nasze Gwiazdy w mediach \u2013 Bernadeta Kowalska i Frela Blue<\/span><\/span><\/a><\/p>\n","protected":false},"author":3,"featured_media":60,"comment_status":"closed","ping_status":"open","sticky":false,"template":"","format":"standard","meta":{"footnotes":""},"categories":[3],"tags":[],"class_list":["post-1066","post","type-post","status-publish","format-standard","has-post-thumbnail","hentry","category-informacje"],"_links":{"self":[{"href":"https:\/\/boxmusic.com.pl\/index.php\/wp-json\/wp\/v2\/posts\/1066","targetHints":{"allow":["GET"]}}],"collection":[{"href":"https:\/\/boxmusic.com.pl\/index.php\/wp-json\/wp\/v2\/posts"}],"about":[{"href":"https:\/\/boxmusic.com.pl\/index.php\/wp-json\/wp\/v2\/types\/post"}],"author":[{"embeddable":true,"href":"https:\/\/boxmusic.com.pl\/index.php\/wp-json\/wp\/v2\/users\/3"}],"replies":[{"embeddable":true,"href":"https:\/\/boxmusic.com.pl\/index.php\/wp-json\/wp\/v2\/comments?post=1066"}],"version-history":[{"count":1,"href":"https:\/\/boxmusic.com.pl\/index.php\/wp-json\/wp\/v2\/posts\/1066\/revisions"}],"predecessor-version":[{"id":1067,"href":"https:\/\/boxmusic.com.pl\/index.php\/wp-json\/wp\/v2\/posts\/1066\/revisions\/1067"}],"wp:featuredmedia":[{"embeddable":true,"href":"https:\/\/boxmusic.com.pl\/index.php\/wp-json\/wp\/v2\/media\/60"}],"wp:attachment":[{"href":"https:\/\/boxmusic.com.pl\/index.php\/wp-json\/wp\/v2\/media?parent=1066"}],"wp:term":[{"taxonomy":"category","embeddable":true,"href":"https:\/\/boxmusic.com.pl\/index.php\/wp-json\/wp\/v2\/categories?post=1066"},{"taxonomy":"post_tag","embeddable":true,"href":"https:\/\/boxmusic.com.pl\/index.php\/wp-json\/wp\/v2\/tags?post=1066"}],"curies":[{"name":"wp","href":"https:\/\/api.w.org\/{rel}","templated":true}]}}