{"id":1106,"date":"2020-07-26T01:09:00","date_gmt":"2020-07-25T23:09:00","guid":{"rendered":"https:\/\/boxmusic.com.pl\/?p=1106"},"modified":"2024-11-07T07:03:31","modified_gmt":"2024-11-07T06:03:31","slug":"nasze-gwiazdy-na-letnich-radiowych-listach-przebojow","status":"publish","type":"post","link":"https:\/\/boxmusic.com.pl\/index.php\/2020\/07\/26\/nasze-gwiazdy-na-letnich-radiowych-listach-przebojow\/","title":{"rendered":"Nasze Gwiazdy na letnich radiowych listach przeboj\u00f3w"},"content":{"rendered":"\n<p><strong>Lato, cho\u0107 nietypowe, trwa w najlepsze \u2013 ostatnio nawet pojawi\u0142y si\u0119 letnie temperatury. Jak si\u0119 okazuje, sporo dzieje si\u0119 te\u017c na radiowych listach przeboj\u00f3w. Nie brak tam hit\u00f3w Gwiazd zwi\u0105zanych z naszym Wydawnictwem.<\/strong><\/p>\n\n\n\n<p>W Li\u015bcie \u015al\u0105skich Szlagier\u00f3w Radia FEST nie\u017ale radzi sobie Zesp\u00f3\u0142 Arkadia Band z piosenk\u0105 <em>Za\u015b bydzie weekend<\/em>, Damian Holecki z utworem <em>Nasz \u015awiat, nasz dom<\/em> czy Frela Blue ze swoj\u0105 klimatyczn\u0105 piosenk\u0105 <em>Niy mom co \u0142oblyc<\/em>.<\/p>\n\n\n\n<p>W Li\u015bcie \u015al\u0105skich Szlagier\u00f3w Radia SUD \u015bwietnie radzi sobie Oxforduo, jak te\u017c Duet Karo\u00a0 z piosenk\u0105 <em>Pi\u0119kny sen<\/em>, nie\u017ale radzi sobie Frela Blue (<em>Niy mom co \u0142oblyc<\/em>), Tim Fabian, Bernadeta Kowalska czy Damian Holecki.<\/p>\n\n\n\n<figure class=\"wp-block-embed is-type-video is-provider-youtube wp-block-embed-youtube wp-embed-aspect-16-9 wp-has-aspect-ratio\"><div class=\"wp-block-embed__wrapper\">\n<iframe loading=\"lazy\" title=\"Duet Karo - Pi\u0119kny sen (koncert)\" width=\"990\" height=\"557\" src=\"https:\/\/www.youtube.com\/embed\/0V9co1uVyIc?feature=oembed\" frameborder=\"0\" allow=\"accelerometer; autoplay; clipboard-write; encrypted-media; gyroscope; picture-in-picture\" allowfullscreen><\/iframe>\n<\/div><\/figure>\n\n\n\n<p>W Li\u015bcie Przeboj\u00f3w Radia FEST dobrze radzi sobie propozycja Damiana Holeckiego.<\/p>\n\n\n\n<p>W Li\u015bcie <strong>No to Gromy<\/strong> Radia Piekary bardzo dobrze radzi sobie Zesp\u00f3\u0142 Oxforduo, Stach oraz Zesp\u00f3\u0142 Arkadia Band. W Top 10-tce znajdziemy te\u017c now\u0105 piosenk\u0119 Freli Blue \u2013 <em>Niy mom co \u0142oblyc<\/em>, czy jedn\u0105 z najnowszych piosenek Tima Fabiana. W poczekalni znajdziemy piosenki Bernadety Kowalskiej oraz Damiana Holeckiego. W propozycjach natomiast znajdziemy kolejn\u0105 nowo\u015b\u0107 Tima Fabiana oraz nowy Duet Damiana Holeckiego i Weroniki \u2013 <em>Daj na luz<\/em>.<\/p>\n\n\n\n<figure class=\"wp-block-embed is-type-video is-provider-youtube wp-block-embed-youtube wp-embed-aspect-16-9 wp-has-aspect-ratio\"><div class=\"wp-block-embed__wrapper\">\n<iframe loading=\"lazy\" title=\"Frela Blue - Niy mom co \u0142oblyc (official video)\" width=\"990\" height=\"557\" src=\"https:\/\/www.youtube.com\/embed\/I8-sfzwGhgw?feature=oembed\" frameborder=\"0\" allow=\"accelerometer; autoplay; clipboard-write; encrypted-media; gyroscope; picture-in-picture\" allowfullscreen><\/iframe>\n<\/div><\/figure>\n\n\n\n<p>Z kolei w Szlagli\u015bcie Radia Silesia w propozycjach pojawi\u0142a si\u0119 nowa piosenka Tima Fabiana.<\/p>\n\n\n\n<figure class=\"wp-block-embed is-type-video is-provider-youtube wp-block-embed-youtube wp-embed-aspect-16-9 wp-has-aspect-ratio\"><div class=\"wp-block-embed__wrapper\">\n<iframe loading=\"lazy\" title=\"Tim Fabian - Fiesta en la Playa - co noc, co dzie\u0144 (official video)\" width=\"990\" height=\"557\" src=\"https:\/\/www.youtube.com\/embed\/htGFXtJil8Y?feature=oembed\" frameborder=\"0\" allow=\"accelerometer; autoplay; clipboard-write; encrypted-media; gyroscope; picture-in-picture\" allowfullscreen><\/iframe>\n<\/div><\/figure>\n","protected":false},"excerpt":{"rendered":"<p>Lato, cho\u0107 nietypowe, trwa w najlepsze \u2013 ostatnio nawet pojawi\u0142y si\u0119 letnie temperatury. Jak si\u0119 okazuje, sporo dzieje si\u0119 te\u017c &hellip; <a href=\"https:\/\/boxmusic.com.pl\/index.php\/2020\/07\/26\/nasze-gwiazdy-na-letnich-radiowych-listach-przebojow\/\" class=\"more-link\"><span class=\"more-button\">Czytaj dalej<span class=\"screen-reader-text\">Nasze Gwiazdy na letnich radiowych listach przeboj\u00f3w<\/span><\/span><\/a><\/p>\n","protected":false},"author":3,"featured_media":531,"comment_status":"closed","ping_status":"open","sticky":false,"template":"","format":"standard","meta":{"footnotes":""},"categories":[3],"tags":[],"class_list":["post-1106","post","type-post","status-publish","format-standard","has-post-thumbnail","hentry","category-informacje"],"_links":{"self":[{"href":"https:\/\/boxmusic.com.pl\/index.php\/wp-json\/wp\/v2\/posts\/1106","targetHints":{"allow":["GET"]}}],"collection":[{"href":"https:\/\/boxmusic.com.pl\/index.php\/wp-json\/wp\/v2\/posts"}],"about":[{"href":"https:\/\/boxmusic.com.pl\/index.php\/wp-json\/wp\/v2\/types\/post"}],"author":[{"embeddable":true,"href":"https:\/\/boxmusic.com.pl\/index.php\/wp-json\/wp\/v2\/users\/3"}],"replies":[{"embeddable":true,"href":"https:\/\/boxmusic.com.pl\/index.php\/wp-json\/wp\/v2\/comments?post=1106"}],"version-history":[{"count":1,"href":"https:\/\/boxmusic.com.pl\/index.php\/wp-json\/wp\/v2\/posts\/1106\/revisions"}],"predecessor-version":[{"id":1107,"href":"https:\/\/boxmusic.com.pl\/index.php\/wp-json\/wp\/v2\/posts\/1106\/revisions\/1107"}],"wp:featuredmedia":[{"embeddable":true,"href":"https:\/\/boxmusic.com.pl\/index.php\/wp-json\/wp\/v2\/media\/531"}],"wp:attachment":[{"href":"https:\/\/boxmusic.com.pl\/index.php\/wp-json\/wp\/v2\/media?parent=1106"}],"wp:term":[{"taxonomy":"category","embeddable":true,"href":"https:\/\/boxmusic.com.pl\/index.php\/wp-json\/wp\/v2\/categories?post=1106"},{"taxonomy":"post_tag","embeddable":true,"href":"https:\/\/boxmusic.com.pl\/index.php\/wp-json\/wp\/v2\/tags?post=1106"}],"curies":[{"name":"wp","href":"https:\/\/api.w.org\/{rel}","templated":true}]}}