{"id":1123,"date":"2020-07-14T01:37:00","date_gmt":"2020-07-13T23:37:00","guid":{"rendered":"https:\/\/boxmusic.com.pl\/?p=1123"},"modified":"2024-11-07T07:03:31","modified_gmt":"2024-11-07T06:03:31","slug":"na-wakacyjna-nute","status":"publish","type":"post","link":"https:\/\/boxmusic.com.pl\/index.php\/2020\/07\/14\/na-wakacyjna-nute\/","title":{"rendered":"Na wakacyjn\u0105 nut\u0119"},"content":{"rendered":"\n<p><strong>Lato w pe\u0142ni, po\u0142owa lipca za nami, a przed nami jeszcze \u00be wakacji. Szkoda tylko,\u00a0 \u017ce aura pozostawia wiele do \u017cyczenia. Skoro tak, to pozostaje nam poczu\u0107 nieco letnich klimat\u00f3w gdzie indziej, np. w muzyce\u2026<\/strong><\/p>\n\n\n\n<p>Hmm\u2026, wi\u0119kszo\u015b\u0107 gwiazd naszej sceny ma w repertuarze piosenki o lecie lub w letnich klimatach. Jednak w tym towarzystwie wy\u0142ania si\u0119 prawdziwy kr\u00f3l letnich hit\u00f3w i piosenek zwi\u0105zanych z latem. Niew\u0105tpliwie jest nim Stach. Artysta, kt\u00f3ry ma na koncie ju\u017c 3 przebojowe p\u0142yty, nagra\u0142 ju\u017c kilkana\u015bcie piosenek i teledysk\u00f3w w\u0142a\u015bnie o lecie. Cho\u0107 Stach sam woli si\u0119 podawa\u0107 za tw\u00f3rc\u0119 gatunku hanys-disco, dla nas r\u00f3wnolegle jest kr\u00f3lem letnich kawa\u0142k\u00f3w. Wspomnie\u0107 mo\u017cemy takie piosenki, jak <em>Lata czar<\/em>, <em>Letnia mi\u0142o\u015b\u0107<\/em>, <em>Adios Majorka<\/em>, <em>Zabior\u0119 Ci\u0119 w marzenia moje<\/em>, <em>Lato \u2013 leca na to<\/em>, <em>Kopruchy<\/em>, <em>Zawsze gdzie\u015b jest lato<\/em>, <em>Seniorito, Seniorito<\/em>. Artysta po prostu stworzony jest do takich gor\u0105cych, pe\u0142nych optymizmu klimat\u00f3w. Dodajmy do tego, \u017ce Stach po prostu kocha podr\u00f3\u017ce, a swoje clipy realizuje niemal obowi\u0105zkowo podczas wakacyjnych wyjazd\u00f3w.<\/p>\n\n\n\n<p>A wi\u0119c poczujmy atmosfer\u0119 prawdziwego, s\u0142onecznego lata\u2026<\/p>\n\n\n\n<figure class=\"wp-block-embed is-type-video is-provider-youtube wp-block-embed-youtube wp-embed-aspect-16-9 wp-has-aspect-ratio\"><div class=\"wp-block-embed__wrapper\">\n<iframe loading=\"lazy\" title=\"Stach - Letnia mi\u0142o\u015b\u0107\" width=\"990\" height=\"557\" src=\"https:\/\/www.youtube.com\/embed\/neAOG3ikm8I?feature=oembed\" frameborder=\"0\" allow=\"accelerometer; autoplay; clipboard-write; encrypted-media; gyroscope; picture-in-picture\" allowfullscreen><\/iframe>\n<\/div><\/figure>\n\n\n\n<figure class=\"wp-block-embed is-type-video is-provider-youtube wp-block-embed-youtube wp-embed-aspect-16-9 wp-has-aspect-ratio\"><div class=\"wp-block-embed__wrapper\">\n<iframe loading=\"lazy\" title=\"Stach - Seniorito, seniorito\" width=\"990\" height=\"557\" src=\"https:\/\/www.youtube.com\/embed\/OvvKwfQZwJ4?feature=oembed\" frameborder=\"0\" allow=\"accelerometer; autoplay; clipboard-write; encrypted-media; gyroscope; picture-in-picture\" allowfullscreen><\/iframe>\n<\/div><\/figure>\n\n\n\n<figure class=\"wp-block-embed is-type-video is-provider-youtube wp-block-embed-youtube wp-embed-aspect-16-9 wp-has-aspect-ratio\"><div class=\"wp-block-embed__wrapper\">\n<iframe loading=\"lazy\" title=\"Stach -  LATA CZAR\" width=\"990\" height=\"557\" src=\"https:\/\/www.youtube.com\/embed\/4f779zHMbSI?feature=oembed\" frameborder=\"0\" allow=\"accelerometer; autoplay; clipboard-write; encrypted-media; gyroscope; picture-in-picture\" allowfullscreen><\/iframe>\n<\/div><\/figure>\n\n\n\n<figure class=\"wp-block-embed is-type-video is-provider-youtube wp-block-embed-youtube wp-embed-aspect-16-9 wp-has-aspect-ratio\"><div class=\"wp-block-embed__wrapper\">\n<iframe loading=\"lazy\" title=\"Stach - Kopruchy\" width=\"990\" height=\"557\" src=\"https:\/\/www.youtube.com\/embed\/5MkOQWI-OAI?feature=oembed\" frameborder=\"0\" allow=\"accelerometer; autoplay; clipboard-write; encrypted-media; gyroscope; picture-in-picture\" allowfullscreen><\/iframe>\n<\/div><\/figure>\n","protected":false},"excerpt":{"rendered":"<p>Lato w pe\u0142ni, po\u0142owa lipca za nami, a przed nami jeszcze \u00be wakacji. Szkoda tylko,\u00a0 \u017ce aura pozostawia wiele do &hellip; <a href=\"https:\/\/boxmusic.com.pl\/index.php\/2020\/07\/14\/na-wakacyjna-nute\/\" class=\"more-link\"><span class=\"more-button\">Czytaj dalej<span class=\"screen-reader-text\">Na wakacyjn\u0105 nut\u0119<\/span><\/span><\/a><\/p>\n","protected":false},"author":3,"featured_media":1040,"comment_status":"closed","ping_status":"open","sticky":false,"template":"","format":"standard","meta":{"footnotes":""},"categories":[3],"tags":[],"class_list":["post-1123","post","type-post","status-publish","format-standard","has-post-thumbnail","hentry","category-informacje"],"_links":{"self":[{"href":"https:\/\/boxmusic.com.pl\/index.php\/wp-json\/wp\/v2\/posts\/1123","targetHints":{"allow":["GET"]}}],"collection":[{"href":"https:\/\/boxmusic.com.pl\/index.php\/wp-json\/wp\/v2\/posts"}],"about":[{"href":"https:\/\/boxmusic.com.pl\/index.php\/wp-json\/wp\/v2\/types\/post"}],"author":[{"embeddable":true,"href":"https:\/\/boxmusic.com.pl\/index.php\/wp-json\/wp\/v2\/users\/3"}],"replies":[{"embeddable":true,"href":"https:\/\/boxmusic.com.pl\/index.php\/wp-json\/wp\/v2\/comments?post=1123"}],"version-history":[{"count":1,"href":"https:\/\/boxmusic.com.pl\/index.php\/wp-json\/wp\/v2\/posts\/1123\/revisions"}],"predecessor-version":[{"id":1124,"href":"https:\/\/boxmusic.com.pl\/index.php\/wp-json\/wp\/v2\/posts\/1123\/revisions\/1124"}],"wp:featuredmedia":[{"embeddable":true,"href":"https:\/\/boxmusic.com.pl\/index.php\/wp-json\/wp\/v2\/media\/1040"}],"wp:attachment":[{"href":"https:\/\/boxmusic.com.pl\/index.php\/wp-json\/wp\/v2\/media?parent=1123"}],"wp:term":[{"taxonomy":"category","embeddable":true,"href":"https:\/\/boxmusic.com.pl\/index.php\/wp-json\/wp\/v2\/categories?post=1123"},{"taxonomy":"post_tag","embeddable":true,"href":"https:\/\/boxmusic.com.pl\/index.php\/wp-json\/wp\/v2\/tags?post=1123"}],"curies":[{"name":"wp","href":"https:\/\/api.w.org\/{rel}","templated":true}]}}