{"id":1236,"date":"2021-06-01T04:50:53","date_gmt":"2021-06-01T02:50:53","guid":{"rendered":"https:\/\/boxmusic.com.pl\/?p=1236"},"modified":"2024-11-07T07:03:36","modified_gmt":"2024-11-07T06:03:36","slug":"najlepsze-zyczenia-na-dzien-dziecka","status":"publish","type":"post","link":"https:\/\/boxmusic.com.pl\/index.php\/2021\/06\/01\/najlepsze-zyczenia-na-dzien-dziecka\/","title":{"rendered":"Najlepsze \u017cyczenia na Dzie\u0144 Dziecka"},"content":{"rendered":"\n<p><strong>Nadchodzi 1 czerwca, czyli Dzie\u0144 Dziecka. Jakby na to nie spojrze\u0107 dzieckiem jest ka\u017cdy z nas \u2013 tak wi\u0119c z Okazji tego \u015awi\u0119ta wszystkim Dzieciom \u2013 ma\u0142ym, du\u017cym i tym bardzo dojrza\u0142ym sk\u0142adamy najlepsze \u017cyczenia! Zdrowia, szcz\u0119\u015bcia oraz by w g\u0142\u0119bi ka\u017cdego z nas tli\u0142a si\u0119 rado\u015b\u0107 i wiara w dobro, kt\u00f3ra cechuje najm\u0142odszych.<\/strong><\/p>\n\n\n\n<p>Cho\u0107 Gwiazdy naszej Sceny s\u0105 bardzo rodzinne, piosenek dedykowanych w\u0142a\u015bnie najm\u0142odszym Cz\u0142onkom Rodziny jest relatywnie niewiele. Przy Okazji Dnia Dziecka mo\u017cemy przypomnie\u0107 cho\u0107by pi\u0119kny, wzruszaj\u0105cy utw\u00f3r Grzegorza Kani \u2013 <em>Te moje Skarby<\/em>, kt\u00f3ry dedykowany zosta\u0142 w\u0142a\u015bnie C\u00f3reczkom oraz \u017bonie Artysty. Sporo uwagi swoim C\u00f3rkom i Wnuczkom po\u015bwi\u0119ci\u0142 te\u017c na swoim kr\u0105\u017cku Joachim Koj. Urocze Wnuczki Achima (a Siostrzenice Sandry) pojawi\u0142y si\u0119 te\u017c w debiutanckim teledysku Duetu. <\/p>\n\n\n\n<figure class=\"wp-block-embed is-type-video is-provider-youtube wp-block-embed-youtube wp-embed-aspect-16-9 wp-has-aspect-ratio\"><div class=\"wp-block-embed__wrapper\">\n<iframe loading=\"lazy\" title=\"Kania Grzegorz - Te moje skarby\" width=\"990\" height=\"557\" src=\"https:\/\/www.youtube.com\/embed\/j0jPpg9eJzA?feature=oembed\" frameborder=\"0\" allow=\"accelerometer; autoplay; clipboard-write; encrypted-media; gyroscope; picture-in-picture\" allowfullscreen><\/iframe>\n<\/div><\/figure>\n\n\n\n<p><\/p>\n\n\n\n<p>Sporo uwagi Dzieciom w swoje Tw\u00f3rczo\u015bci po\u015bwi\u0119ca z kolei Bernadeta Kowalska. Artystka ch\u0119tnie te\u017c pojawia si\u0119 na scenie w towarzystwie najm\u0142odszych \u2013 ch\u0119tnie zaprasza na scen\u0119 dzieci, jak te\u017c wyst\u0119puje w otoczeniu Zespo\u0142\u00f3w Ma\u017coretek, tworzonych przez nastoletnie Dziewczyny czy te\u017c uroczych Dzieci i Nastolatk\u00f3w z Zespo\u0142u Pie\u015bni i Ta\u0144ca Kozieg\u0142owy.<\/p>\n\n\n\n<figure class=\"wp-block-embed is-type-video is-provider-youtube wp-block-embed-youtube wp-embed-aspect-16-9 wp-has-aspect-ratio\"><div class=\"wp-block-embed__wrapper\">\n<iframe loading=\"lazy\" title=\"Bernadeta Kowalska i Przyjaciele - Ju\u017c pora (koncert)\" width=\"990\" height=\"557\" src=\"https:\/\/www.youtube.com\/embed\/fJJP3kXHaS8?feature=oembed\" frameborder=\"0\" allow=\"accelerometer; autoplay; clipboard-write; encrypted-media; gyroscope; picture-in-picture\" allowfullscreen><\/iframe>\n<\/div><\/figure>\n","protected":false},"excerpt":{"rendered":"<p>Nadchodzi 1 czerwca, czyli Dzie\u0144 Dziecka. Jakby na to nie spojrze\u0107 dzieckiem jest ka\u017cdy z nas \u2013 tak wi\u0119c z &hellip; <a href=\"https:\/\/boxmusic.com.pl\/index.php\/2021\/06\/01\/najlepsze-zyczenia-na-dzien-dziecka\/\" class=\"more-link\"><span class=\"more-button\">Czytaj dalej<span class=\"screen-reader-text\">Najlepsze \u017cyczenia na Dzie\u0144 Dziecka<\/span><\/span><\/a><\/p>\n","protected":false},"author":3,"featured_media":1237,"comment_status":"closed","ping_status":"open","sticky":false,"template":"","format":"standard","meta":{"footnotes":""},"categories":[3],"tags":[],"class_list":["post-1236","post","type-post","status-publish","format-standard","has-post-thumbnail","hentry","category-informacje"],"_links":{"self":[{"href":"https:\/\/boxmusic.com.pl\/index.php\/wp-json\/wp\/v2\/posts\/1236","targetHints":{"allow":["GET"]}}],"collection":[{"href":"https:\/\/boxmusic.com.pl\/index.php\/wp-json\/wp\/v2\/posts"}],"about":[{"href":"https:\/\/boxmusic.com.pl\/index.php\/wp-json\/wp\/v2\/types\/post"}],"author":[{"embeddable":true,"href":"https:\/\/boxmusic.com.pl\/index.php\/wp-json\/wp\/v2\/users\/3"}],"replies":[{"embeddable":true,"href":"https:\/\/boxmusic.com.pl\/index.php\/wp-json\/wp\/v2\/comments?post=1236"}],"version-history":[{"count":1,"href":"https:\/\/boxmusic.com.pl\/index.php\/wp-json\/wp\/v2\/posts\/1236\/revisions"}],"predecessor-version":[{"id":1238,"href":"https:\/\/boxmusic.com.pl\/index.php\/wp-json\/wp\/v2\/posts\/1236\/revisions\/1238"}],"wp:featuredmedia":[{"embeddable":true,"href":"https:\/\/boxmusic.com.pl\/index.php\/wp-json\/wp\/v2\/media\/1237"}],"wp:attachment":[{"href":"https:\/\/boxmusic.com.pl\/index.php\/wp-json\/wp\/v2\/media?parent=1236"}],"wp:term":[{"taxonomy":"category","embeddable":true,"href":"https:\/\/boxmusic.com.pl\/index.php\/wp-json\/wp\/v2\/categories?post=1236"},{"taxonomy":"post_tag","embeddable":true,"href":"https:\/\/boxmusic.com.pl\/index.php\/wp-json\/wp\/v2\/tags?post=1236"}],"curies":[{"name":"wp","href":"https:\/\/api.w.org\/{rel}","templated":true}]}}