{"id":1239,"date":"2021-06-01T04:57:23","date_gmt":"2021-06-01T02:57:23","guid":{"rendered":"https:\/\/boxmusic.com.pl\/?p=1239"},"modified":"2024-11-07T07:03:36","modified_gmt":"2024-11-07T06:03:36","slug":"od-najmlodszych-lat","status":"publish","type":"post","link":"https:\/\/boxmusic.com.pl\/index.php\/2021\/06\/01\/od-najmlodszych-lat\/","title":{"rendered":"Od najm\u0142odszych lat&#8230;"},"content":{"rendered":"\n<p><strong>Z Okazji Dnia Dziecka jeszcze raz sk\u0142adamy wszystkim Dzieciom \u2013 tym m\u0142odszym i starszym \u2013 najserdeczniejsze \u017cyczenia. Oczywi\u015bcie dotyczy to r\u00f3wnie\u017c m\u0142odych Gwiazd oraz Dzieci i Wnuk\u00f3w naszych Artyst\u00f3w.<\/strong><\/p>\n\n\n\n<p>W naszej bran\u017cy dominuj\u0105 raczej dojrza\u0142e Gwiazdy \u2013 cho\u0107 znajdzie si\u0119 te\u017c kilku Artyst\u00f3w, kt\u00f3rzy rozpoczynali karier\u0119 sceniczn\u0105 ju\u017c jako ma\u0142e dzieci. Wspomnie\u0107 tu mo\u017cemy cho\u0107by Tima Fabiana \u2013 kt\u00f3ry ju\u017c jako 6-latek wsp\u00f3\u0142pracowa\u0142 z Zespo\u0142em Mniejsza O To, Karolin\u0119 Krawczyk \u2013 kt\u00f3ra rozpocz\u0119\u0142a sw\u0105 medialn\u0105 karier\u0119 ju\u017c jako 6-latka, Claudi\u0119 Chwo\u0142ka, czy Justyn\u0119 Sosn\u0119, znan\u0105 z Duetu Kola i Jula, kt\u00f3ra pierwsze kroki na scenie stawia\u0142a ju\u017c w przedszkolu.<\/p>\n\n\n\n<figure class=\"wp-block-embed is-type-video is-provider-youtube wp-block-embed-youtube wp-embed-aspect-16-9 wp-has-aspect-ratio\"><div class=\"wp-block-embed__wrapper\">\n<iframe loading=\"lazy\" title=\"Tim Fabian - PROSZ\u0118 NIE PYTAJ MNIE (official video)\" width=\"990\" height=\"557\" src=\"https:\/\/www.youtube.com\/embed\/qLd6Byy7e4A?feature=oembed\" frameborder=\"0\" allow=\"accelerometer; autoplay; clipboard-write; encrypted-media; gyroscope; picture-in-picture\" allowfullscreen><\/iframe>\n<\/div><\/figure>\n\n\n\n<figure class=\"wp-block-embed is-type-video is-provider-youtube wp-block-embed-youtube wp-embed-aspect-16-9 wp-has-aspect-ratio\"><div class=\"wp-block-embed__wrapper\">\n<iframe loading=\"lazy\" title=\"Krawczyk Karolina i Adam -  Powiedz mi tato\" width=\"990\" height=\"557\" src=\"https:\/\/www.youtube.com\/embed\/oPYaDjl_lWo?feature=oembed\" frameborder=\"0\" allow=\"accelerometer; autoplay; clipboard-write; encrypted-media; gyroscope; picture-in-picture\" allowfullscreen><\/iframe>\n<\/div><\/figure>\n\n\n\n<figure class=\"wp-block-embed is-type-video is-provider-youtube wp-block-embed-youtube wp-embed-aspect-16-9 wp-has-aspect-ratio\"><div class=\"wp-block-embed__wrapper\">\n<iframe loading=\"lazy\" title=\"Kola &amp; Jula - \u017bycie to dar\" width=\"990\" height=\"557\" src=\"https:\/\/www.youtube.com\/embed\/4MVh-x5DNKU?feature=oembed\" frameborder=\"0\" allow=\"accelerometer; autoplay; clipboard-write; encrypted-media; gyroscope; picture-in-picture\" allowfullscreen><\/iframe>\n<\/div><\/figure>\n\n\n\n<p>Oczywi\u015bcie, skoro mowa o Artystach, kt\u00f3rzy wyst\u0119puj\u0105 na Scenie niemal od urodzenia, musimy koniecznie wspomnie\u0107 wyj\u0105tkowy Zesp\u00f3\u0142 Servoos \u2013 tworzony przez Rodzin\u0119 \u015acibik. Tr\u00f3jka utalentowanych Dzieci Dagmary i Leszka wyst\u0119puj\u0105 z Rodzicami niemal od urodzenia i wykazuj\u0105 wyj\u0105tkowe uzdolnienia \u2013 s\u0105 multiinstrumentalistami, \u015bwietnie radz\u0105 sobie te\u017c jako Wokali\u015bci.<\/p>\n\n\n\n<figure class=\"wp-block-embed is-type-video is-provider-youtube wp-block-embed-youtube wp-embed-aspect-16-9 wp-has-aspect-ratio\"><div class=\"wp-block-embed__wrapper\">\n<iframe loading=\"lazy\" title=\"SERVOOS -  NAJWAZNIEJSZE NA TYM SWIECIE koncert \u015aGB 2016\" width=\"990\" height=\"557\" src=\"https:\/\/www.youtube.com\/embed\/Rwp89yEhniA?feature=oembed\" frameborder=\"0\" allow=\"accelerometer; autoplay; clipboard-write; encrypted-media; gyroscope; picture-in-picture\" allowfullscreen><\/iframe>\n<\/div><\/figure>\n","protected":false},"excerpt":{"rendered":"<p>Z Okazji Dnia Dziecka jeszcze raz sk\u0142adamy wszystkim Dzieciom \u2013 tym m\u0142odszym i starszym \u2013 najserdeczniejsze \u017cyczenia. Oczywi\u015bcie dotyczy to &hellip; <a href=\"https:\/\/boxmusic.com.pl\/index.php\/2021\/06\/01\/od-najmlodszych-lat\/\" class=\"more-link\"><span class=\"more-button\">Czytaj dalej<span class=\"screen-reader-text\">Od najm\u0142odszych lat&#8230;<\/span><\/span><\/a><\/p>\n","protected":false},"author":3,"featured_media":1240,"comment_status":"closed","ping_status":"open","sticky":false,"template":"","format":"standard","meta":{"footnotes":""},"categories":[3],"tags":[],"class_list":["post-1239","post","type-post","status-publish","format-standard","has-post-thumbnail","hentry","category-informacje"],"_links":{"self":[{"href":"https:\/\/boxmusic.com.pl\/index.php\/wp-json\/wp\/v2\/posts\/1239","targetHints":{"allow":["GET"]}}],"collection":[{"href":"https:\/\/boxmusic.com.pl\/index.php\/wp-json\/wp\/v2\/posts"}],"about":[{"href":"https:\/\/boxmusic.com.pl\/index.php\/wp-json\/wp\/v2\/types\/post"}],"author":[{"embeddable":true,"href":"https:\/\/boxmusic.com.pl\/index.php\/wp-json\/wp\/v2\/users\/3"}],"replies":[{"embeddable":true,"href":"https:\/\/boxmusic.com.pl\/index.php\/wp-json\/wp\/v2\/comments?post=1239"}],"version-history":[{"count":1,"href":"https:\/\/boxmusic.com.pl\/index.php\/wp-json\/wp\/v2\/posts\/1239\/revisions"}],"predecessor-version":[{"id":1241,"href":"https:\/\/boxmusic.com.pl\/index.php\/wp-json\/wp\/v2\/posts\/1239\/revisions\/1241"}],"wp:featuredmedia":[{"embeddable":true,"href":"https:\/\/boxmusic.com.pl\/index.php\/wp-json\/wp\/v2\/media\/1240"}],"wp:attachment":[{"href":"https:\/\/boxmusic.com.pl\/index.php\/wp-json\/wp\/v2\/media?parent=1239"}],"wp:term":[{"taxonomy":"category","embeddable":true,"href":"https:\/\/boxmusic.com.pl\/index.php\/wp-json\/wp\/v2\/categories?post=1239"},{"taxonomy":"post_tag","embeddable":true,"href":"https:\/\/boxmusic.com.pl\/index.php\/wp-json\/wp\/v2\/tags?post=1239"}],"curies":[{"name":"wp","href":"https:\/\/api.w.org\/{rel}","templated":true}]}}