{"id":1332,"date":"2021-06-23T17:16:00","date_gmt":"2021-06-23T15:16:00","guid":{"rendered":"https:\/\/boxmusic.com.pl\/?p=1332"},"modified":"2024-11-07T07:03:29","modified_gmt":"2024-11-07T06:03:29","slug":"okazja-do-spotkania-na-koncercie","status":"publish","type":"post","link":"https:\/\/boxmusic.com.pl\/index.php\/2021\/06\/23\/okazja-do-spotkania-na-koncercie\/","title":{"rendered":"Okazja do spotkania na koncercie&#8230;"},"content":{"rendered":"\n<p>Po d\u0142uuugiej przerwie sezon koncertowy powolutku rozkr\u0119ca si\u0119! Wprawdzie wci\u0105\u017c w re\u017cimie sanitarnym, niemniej pojawia si\u0119 coraz wi\u0119cej okazji do spotkania z Waszymi Idolami. Gdzie w najbli\u017cszy weekend b\u0119dzie mo\u017cna spotka\u0107 Waszych Idoli?<\/p>\n\n\n\n<p>W najbli\u017cszy weekend czeka nas kilka wyj\u0105tkowych wydarze\u0144 muzycznych, podczas kt\u00f3rych nadarzy si\u0119 okazja do spotkania Waszych Idoli. Ju\u017c w pi\u0105tek wyj\u0105tkowy koncert z LSS Szlagierowo.pl \u2013 czyli z List\u0105 \u015al\u0105skich Szlagier\u00f3w, podczas kt\u00f3rego odb\u0119dzie si\u0119 premiera najnowszej p\u0142yty Bernadety Kowalskiej, jak te\u017c Tima Fabiana. Na koncercie go\u015bcinnie pojawi\u0105 si\u0119 te\u017c m.in. Weso\u0142a Biesiada, czy Beata Powolny z Duetu BetiBer.<\/p>\n\n\n\n<figure class=\"wp-block-image size-large\"><img loading=\"lazy\" decoding=\"async\" width=\"1024\" height=\"576\" src=\"https:\/\/boxmusic.com.pl\/wp-content\/uploads\/2021\/06\/lss-chck-tim-fabian-deta-1024x576.jpg\" alt=\"\" class=\"wp-image-1333\" srcset=\"https:\/\/boxmusic.com.pl\/wp-content\/uploads\/2021\/06\/lss-chck-tim-fabian-deta-1024x576.jpg 1024w, https:\/\/boxmusic.com.pl\/wp-content\/uploads\/2021\/06\/lss-chck-tim-fabian-deta-300x169.jpg 300w, https:\/\/boxmusic.com.pl\/wp-content\/uploads\/2021\/06\/lss-chck-tim-fabian-deta-768x432.jpg 768w, https:\/\/boxmusic.com.pl\/wp-content\/uploads\/2021\/06\/lss-chck-tim-fabian-deta-1536x864.jpg 1536w, https:\/\/boxmusic.com.pl\/wp-content\/uploads\/2021\/06\/lss-chck-tim-fabian-deta-990x557.jpg 990w, https:\/\/boxmusic.com.pl\/wp-content\/uploads\/2021\/06\/lss-chck-tim-fabian-deta.jpg 1920w, https:\/\/boxmusic.com.pl\/wp-content\/uploads\/2021\/06\/lss-chck-tim-fabian-deta-24x14.jpg 24w, https:\/\/boxmusic.com.pl\/wp-content\/uploads\/2021\/06\/lss-chck-tim-fabian-deta-36x20.jpg 36w, https:\/\/boxmusic.com.pl\/wp-content\/uploads\/2021\/06\/lss-chck-tim-fabian-deta-48x27.jpg 48w\" sizes=\"auto, (max-width: 1024px) 100vw, 1024px\" \/><\/figure>\n\n\n\n<p>W sobot\u0119 z kolei \u2013 w Nowej Wsi Zb\u0105skiej \u2013 na pograniczu Wielkopolski i wojew\u00f3dztwa lubuskiego, podczas Nocy \u015awi\u0119toja\u0144skiej wyst\u0105pi Damian Holecki.<\/p>\n\n\n\n<div class=\"wp-block-image\"><figure class=\"aligncenter size-large is-resized\"><img loading=\"lazy\" decoding=\"async\" src=\"https:\/\/boxmusic.com.pl\/wp-content\/uploads\/2021\/06\/zbaszyn-2021.jpg\" alt=\"\" class=\"wp-image-1334\" width=\"370\" height=\"523\" srcset=\"https:\/\/boxmusic.com.pl\/wp-content\/uploads\/2021\/06\/zbaszyn-2021.jpg 724w, https:\/\/boxmusic.com.pl\/wp-content\/uploads\/2021\/06\/zbaszyn-2021-212x300.jpg 212w, https:\/\/boxmusic.com.pl\/wp-content\/uploads\/2021\/06\/zbaszyn-2021-467x660.jpg 467w, https:\/\/boxmusic.com.pl\/wp-content\/uploads\/2021\/06\/zbaszyn-2021-17x24.jpg 17w, https:\/\/boxmusic.com.pl\/wp-content\/uploads\/2021\/06\/zbaszyn-2021-25x36.jpg 25w, https:\/\/boxmusic.com.pl\/wp-content\/uploads\/2021\/06\/zbaszyn-2021-34x48.jpg 34w\" sizes=\"auto, (max-width: 370px) 100vw, 370px\" \/><\/figure><\/div>\n\n\n\n<p>Szansa na spotkanie z Artyst\u0105 nast\u0105pi te\u017c w niedziel\u0119 \u2013 tym razem w rodzinnych stronach Damiana \u2013 czyli w Mys\u0142owicach, podczas pikniku \u015bwi\u0119toja\u0144skiego. Imprez\u0119 poprowadzi Marcin Janota z Radia FEST.<\/p>\n\n\n\n<div class=\"wp-block-image\"><figure class=\"aligncenter size-large is-resized\"><img loading=\"lazy\" decoding=\"async\" src=\"https:\/\/boxmusic.com.pl\/wp-content\/uploads\/2021\/06\/myslowice-bonczyk-festyn-swietojanski-21-600x1024.jpg\" alt=\"\" class=\"wp-image-1335\" width=\"330\" height=\"563\" srcset=\"https:\/\/boxmusic.com.pl\/wp-content\/uploads\/2021\/06\/myslowice-bonczyk-festyn-swietojanski-21-600x1024.jpg 600w, https:\/\/boxmusic.com.pl\/wp-content\/uploads\/2021\/06\/myslowice-bonczyk-festyn-swietojanski-21-176x300.jpg 176w, https:\/\/boxmusic.com.pl\/wp-content\/uploads\/2021\/06\/myslowice-bonczyk-festyn-swietojanski-21-768x1311.jpg 768w, https:\/\/boxmusic.com.pl\/wp-content\/uploads\/2021\/06\/myslowice-bonczyk-festyn-swietojanski-21-899x1536.jpg 899w, https:\/\/boxmusic.com.pl\/wp-content\/uploads\/2021\/06\/myslowice-bonczyk-festyn-swietojanski-21-387x660.jpg 387w, https:\/\/boxmusic.com.pl\/wp-content\/uploads\/2021\/06\/myslowice-bonczyk-festyn-swietojanski-21-14x24.jpg 14w, https:\/\/boxmusic.com.pl\/wp-content\/uploads\/2021\/06\/myslowice-bonczyk-festyn-swietojanski-21-21x36.jpg 21w, https:\/\/boxmusic.com.pl\/wp-content\/uploads\/2021\/06\/myslowice-bonczyk-festyn-swietojanski-21-28x48.jpg 28w, https:\/\/boxmusic.com.pl\/wp-content\/uploads\/2021\/06\/myslowice-bonczyk-festyn-swietojanski-21.jpg 1180w\" sizes=\"auto, (max-width: 330px) 100vw, 330px\" \/><\/figure><\/div>\n","protected":false},"excerpt":{"rendered":"<p>Po d\u0142uuugiej przerwie sezon koncertowy powolutku rozkr\u0119ca si\u0119! Wprawdzie wci\u0105\u017c w re\u017cimie sanitarnym, niemniej pojawia si\u0119 coraz wi\u0119cej okazji do &hellip; <a href=\"https:\/\/boxmusic.com.pl\/index.php\/2021\/06\/23\/okazja-do-spotkania-na-koncercie\/\" class=\"more-link\"><span class=\"more-button\">Czytaj dalej<span class=\"screen-reader-text\">Okazja do spotkania na koncercie&#8230;<\/span><\/span><\/a><\/p>\n","protected":false},"author":3,"featured_media":146,"comment_status":"closed","ping_status":"open","sticky":false,"template":"","format":"standard","meta":{"footnotes":""},"categories":[3],"tags":[],"class_list":["post-1332","post","type-post","status-publish","format-standard","has-post-thumbnail","hentry","category-informacje"],"_links":{"self":[{"href":"https:\/\/boxmusic.com.pl\/index.php\/wp-json\/wp\/v2\/posts\/1332","targetHints":{"allow":["GET"]}}],"collection":[{"href":"https:\/\/boxmusic.com.pl\/index.php\/wp-json\/wp\/v2\/posts"}],"about":[{"href":"https:\/\/boxmusic.com.pl\/index.php\/wp-json\/wp\/v2\/types\/post"}],"author":[{"embeddable":true,"href":"https:\/\/boxmusic.com.pl\/index.php\/wp-json\/wp\/v2\/users\/3"}],"replies":[{"embeddable":true,"href":"https:\/\/boxmusic.com.pl\/index.php\/wp-json\/wp\/v2\/comments?post=1332"}],"version-history":[{"count":1,"href":"https:\/\/boxmusic.com.pl\/index.php\/wp-json\/wp\/v2\/posts\/1332\/revisions"}],"predecessor-version":[{"id":1336,"href":"https:\/\/boxmusic.com.pl\/index.php\/wp-json\/wp\/v2\/posts\/1332\/revisions\/1336"}],"wp:featuredmedia":[{"embeddable":true,"href":"https:\/\/boxmusic.com.pl\/index.php\/wp-json\/wp\/v2\/media\/146"}],"wp:attachment":[{"href":"https:\/\/boxmusic.com.pl\/index.php\/wp-json\/wp\/v2\/media?parent=1332"}],"wp:term":[{"taxonomy":"category","embeddable":true,"href":"https:\/\/boxmusic.com.pl\/index.php\/wp-json\/wp\/v2\/categories?post=1332"},{"taxonomy":"post_tag","embeddable":true,"href":"https:\/\/boxmusic.com.pl\/index.php\/wp-json\/wp\/v2\/tags?post=1332"}],"curies":[{"name":"wp","href":"https:\/\/api.w.org\/{rel}","templated":true}]}}