{"id":1384,"date":"2021-07-06T03:12:21","date_gmt":"2021-07-06T01:12:21","guid":{"rendered":"https:\/\/boxmusic.com.pl\/?p=1384"},"modified":"2024-11-07T07:03:32","modified_gmt":"2024-11-07T06:03:32","slug":"wspomnien-czar-goscie-slaskiej-gali-biesiadnej-eleni","status":"publish","type":"post","link":"https:\/\/boxmusic.com.pl\/index.php\/2021\/07\/06\/wspomnien-czar-goscie-slaskiej-gali-biesiadnej-eleni\/","title":{"rendered":"Wspomnie\u0144 czar \u2013 Go\u015bcie \u015al\u0105skiej Gali Biesiadnej: Eleni"},"content":{"rendered":"\n<p>\u015al\u0105ska Gala Biesiadna to oczywi\u015bcie wyj\u0105tkowe Postaci Szlagierowej Sceny, ale nie tylko. Na przestrzeni lat co roku na Galach pojawiali si\u0119 Go\u015bcie specjalni. Jednym z bardziej wyczekiwanych by\u0142a wielka Dama Polskiej Sceny Muzycznej \u2013 Eleni.<\/p>\n\n\n\n<p>Eleni chyba nikomu nie trzeba przedstawia\u0107. Pi\u0119kna i Utalentowana Greczynka od kilkudziesi\u0119ciu lat jest ikon\u0105 polskiej muzyki, a zarazem najlepsz\u0105 ambasadork\u0105 kultury greckiej w Polsce, jak\u0105 mo\u017cna sobie wyobrazi\u0107. Artystka z Zespo\u0142em kilka lat temu (w 2015) zaszczyci\u0142a nas swoj\u0105 obecno\u015bci\u0105 na \u015al\u0105skiej Gali Biesiadnej. Swym recitalem wprawi\u0142a Publiczno\u015b\u0107 w zachwyt. Kilka piosenek wykonanych podczas koncertu znajdziecie oczywi\u015bcie na naszym kanale na Youtube \u2013 mo\u017cecie te\u017c zobaczy\u0107 koncert w pe\u0142nej wersji. To taka mi\u0142a propozycja na pi\u0119kne letnie wieczory.<\/p>\n\n\n\n<figure class=\"wp-block-embed is-type-video is-provider-youtube wp-block-embed-youtube wp-embed-aspect-16-9 wp-has-aspect-ratio\"><div class=\"wp-block-embed__wrapper\">\n<iframe loading=\"lazy\" title=\"Eleni  - Troszeczk\u0119 ziemi (koncert)\" width=\"990\" height=\"557\" src=\"https:\/\/www.youtube.com\/embed\/CG0xY-Nhzbo?feature=oembed\" frameborder=\"0\" allow=\"accelerometer; autoplay; clipboard-write; encrypted-media; gyroscope; picture-in-picture\" allowfullscreen><\/iframe>\n<\/div><\/figure>\n\n\n\n<figure class=\"wp-block-embed is-type-video is-provider-youtube wp-block-embed-youtube wp-embed-aspect-16-9 wp-has-aspect-ratio\"><div class=\"wp-block-embed__wrapper\">\n<iframe loading=\"lazy\" title=\"Eleni - Po s\u0142onecznej stronie \u017cycia (koncert \u015aGB 2015)\" width=\"990\" height=\"557\" src=\"https:\/\/www.youtube.com\/embed\/j2tlwX__f0s?feature=oembed\" frameborder=\"0\" allow=\"accelerometer; autoplay; clipboard-write; encrypted-media; gyroscope; picture-in-picture\" allowfullscreen><\/iframe>\n<\/div><\/figure>\n\n\n\n<figure class=\"wp-block-embed is-type-video is-provider-youtube wp-block-embed-youtube wp-embed-aspect-4-3 wp-has-aspect-ratio\"><div class=\"wp-block-embed__wrapper\">\n<iframe loading=\"lazy\" title=\"VIII \u015al\u0105ska Gala Biesiadna 2015 - ca\u0142y koncert\" width=\"990\" height=\"743\" src=\"https:\/\/www.youtube.com\/embed\/-XF3r-rxFT0?feature=oembed\" frameborder=\"0\" allow=\"accelerometer; autoplay; clipboard-write; encrypted-media; gyroscope; picture-in-picture\" allowfullscreen><\/iframe>\n<\/div><\/figure>\n","protected":false},"excerpt":{"rendered":"<p>\u015al\u0105ska Gala Biesiadna to oczywi\u015bcie wyj\u0105tkowe Postaci Szlagierowej Sceny, ale nie tylko. Na przestrzeni lat co roku na Galach pojawiali &hellip; <a href=\"https:\/\/boxmusic.com.pl\/index.php\/2021\/07\/06\/wspomnien-czar-goscie-slaskiej-gali-biesiadnej-eleni\/\" class=\"more-link\"><span class=\"more-button\">Czytaj dalej<span class=\"screen-reader-text\">Wspomnie\u0144 czar \u2013 Go\u015bcie \u015al\u0105skiej Gali Biesiadnej: Eleni<\/span><\/span><\/a><\/p>\n","protected":false},"author":3,"featured_media":1385,"comment_status":"closed","ping_status":"open","sticky":false,"template":"","format":"standard","meta":{"footnotes":""},"categories":[3],"tags":[16,5,6],"class_list":["post-1384","post","type-post","status-publish","format-standard","has-post-thumbnail","hentry","category-informacje","tag-eleni","tag-sgb","tag-slaska-gala-biesiadna"],"_links":{"self":[{"href":"https:\/\/boxmusic.com.pl\/index.php\/wp-json\/wp\/v2\/posts\/1384","targetHints":{"allow":["GET"]}}],"collection":[{"href":"https:\/\/boxmusic.com.pl\/index.php\/wp-json\/wp\/v2\/posts"}],"about":[{"href":"https:\/\/boxmusic.com.pl\/index.php\/wp-json\/wp\/v2\/types\/post"}],"author":[{"embeddable":true,"href":"https:\/\/boxmusic.com.pl\/index.php\/wp-json\/wp\/v2\/users\/3"}],"replies":[{"embeddable":true,"href":"https:\/\/boxmusic.com.pl\/index.php\/wp-json\/wp\/v2\/comments?post=1384"}],"version-history":[{"count":1,"href":"https:\/\/boxmusic.com.pl\/index.php\/wp-json\/wp\/v2\/posts\/1384\/revisions"}],"predecessor-version":[{"id":1386,"href":"https:\/\/boxmusic.com.pl\/index.php\/wp-json\/wp\/v2\/posts\/1384\/revisions\/1386"}],"wp:featuredmedia":[{"embeddable":true,"href":"https:\/\/boxmusic.com.pl\/index.php\/wp-json\/wp\/v2\/media\/1385"}],"wp:attachment":[{"href":"https:\/\/boxmusic.com.pl\/index.php\/wp-json\/wp\/v2\/media?parent=1384"}],"wp:term":[{"taxonomy":"category","embeddable":true,"href":"https:\/\/boxmusic.com.pl\/index.php\/wp-json\/wp\/v2\/categories?post=1384"},{"taxonomy":"post_tag","embeddable":true,"href":"https:\/\/boxmusic.com.pl\/index.php\/wp-json\/wp\/v2\/tags?post=1384"}],"curies":[{"name":"wp","href":"https:\/\/api.w.org\/{rel}","templated":true}]}}