{"id":1421,"date":"2021-08-04T18:14:50","date_gmt":"2021-08-04T16:14:50","guid":{"rendered":"https:\/\/boxmusic.com.pl\/?p=1421"},"modified":"2024-11-07T07:03:33","modified_gmt":"2024-11-07T06:03:33","slug":"w-koncu-jest","status":"publish","type":"post","link":"https:\/\/boxmusic.com.pl\/index.php\/2021\/08\/04\/w-koncu-jest\/","title":{"rendered":"W ko\u0144cu jest!"},"content":{"rendered":"\n<p>Wiemy, wiemy. Troszk\u0119 potrzymali\u015bmy Was w niepewno\u015bci \u2013 w ko\u0144cu jednak mo\u017cemy zaprezentowa\u0107 Wam nowy, aktualny plakat \u015al\u0105skiej Gali Biesiadnej i pe\u0142n\u0105 obsad\u0119 imprezy.<\/p>\n\n\n\n<figure class=\"wp-block-image size-large\"><img loading=\"lazy\" decoding=\"async\" width=\"1024\" height=\"488\" src=\"https:\/\/boxmusic.com.pl\/wp-content\/uploads\/2021\/08\/sgb-baner-Gala-2022-fb-2-1024x488.jpg\" alt=\"\" class=\"wp-image-1416\" srcset=\"https:\/\/boxmusic.com.pl\/wp-content\/uploads\/2021\/08\/sgb-baner-Gala-2022-fb-2-1024x488.jpg 1024w, https:\/\/boxmusic.com.pl\/wp-content\/uploads\/2021\/08\/sgb-baner-Gala-2022-fb-2-300x143.jpg 300w, https:\/\/boxmusic.com.pl\/wp-content\/uploads\/2021\/08\/sgb-baner-Gala-2022-fb-2-768x366.jpg 768w, https:\/\/boxmusic.com.pl\/wp-content\/uploads\/2021\/08\/sgb-baner-Gala-2022-fb-2-1536x732.jpg 1536w, https:\/\/boxmusic.com.pl\/wp-content\/uploads\/2021\/08\/sgb-baner-Gala-2022-fb-2-2048x976.jpg 2048w, https:\/\/boxmusic.com.pl\/wp-content\/uploads\/2021\/08\/sgb-baner-Gala-2022-fb-2-990x472.jpg 990w, https:\/\/boxmusic.com.pl\/wp-content\/uploads\/2021\/08\/sgb-baner-Gala-2022-fb-2-24x11.jpg 24w, https:\/\/boxmusic.com.pl\/wp-content\/uploads\/2021\/08\/sgb-baner-Gala-2022-fb-2-36x17.jpg 36w, https:\/\/boxmusic.com.pl\/wp-content\/uploads\/2021\/08\/sgb-baner-Gala-2022-fb-2-48x23.jpg 48w\" sizes=\"auto, (max-width: 1024px) 100vw, 1024px\" \/><\/figure>\n\n\n\n<p>Cho\u0107 do wiosny jeszcze troszk\u0119 zosta\u0142o \ud83d\ude09 u nas przygotowania do nieco przesuni\u0119tej \u015al\u0105skiej Gali Biesiadnej w pe\u0142ni. W ko\u0144cu mo\u017cecie zobaczy\u0107 now\u0105 wersj\u0119 plakatu, z kilkoma niespodziankami.<\/p>\n\n\n\n<p>Zgodnie z nasz\u0105 obietnic\u0105, uda\u0142o nam si\u0119 nieco rozszerzy\u0107 obsad\u0119 imprezy. Hmmm, takiej plejady Gwiazd naszej estrady od dawna nie widzieli\u015bcie na jednej scenie. Mamy nadziej\u0119, \u017ce nasze niespodzianki przypadn\u0105 Wam do gustu.<\/p>\n\n\n\n<p>Imprez\u0119 poprowadz\u0105 niezawodna Joanna Bartel oraz Marcin Janota znany z Anteny Radia FEST, jak te\u017c z licznych program\u00f3w telewizyjnych.<\/p>\n\n\n\n<p>Gwiazd\u0105 imprezy b\u0119dzie wyczekiwany przez Was \u015bwiatowej s\u0142awy Wirtuoz fletni Pana i multiinstrumentalista \u2013 Edward Simoni.<\/p>\n\n\n\n<p>Je\u015bli chodzi o nasz\u0105 ulubion\u0105 szlagierow\u0105 scen\u0119, na deskach Domu Muzyki i Ta\u0144ca wyst\u0105pi\u0105 dla Was: Bernadeta Kowalska i Przyjaciele, Damian Holecki, Duet Karo, Tim Fabian, Weronika, Kabaret Grzegorza Poloczka, Frela Blue, Piotr Herdzina, Magda, A To My, Duet Romantica, Grupa Time, Stach i Magdalena, Oxforduo, Zesp\u00f3\u0142 Ed-Ka oraz Andy &amp; Lucia. Tym samym niespodzianek i Gwiazd niew\u0105tpliwie nie zabraknie\u2026<\/p>\n","protected":false},"excerpt":{"rendered":"<p>Wiemy, wiemy. Troszk\u0119 potrzymali\u015bmy Was w niepewno\u015bci \u2013 w ko\u0144cu jednak mo\u017cemy zaprezentowa\u0107 Wam nowy, aktualny plakat \u015al\u0105skiej Gali Biesiadnej &hellip; <a href=\"https:\/\/boxmusic.com.pl\/index.php\/2021\/08\/04\/w-koncu-jest\/\" class=\"more-link\"><span class=\"more-button\">Czytaj dalej<span class=\"screen-reader-text\">W ko\u0144cu jest!<\/span><\/span><\/a><\/p>\n","protected":false},"author":3,"featured_media":1415,"comment_status":"closed","ping_status":"open","sticky":false,"template":"","format":"standard","meta":{"footnotes":""},"categories":[3],"tags":[],"class_list":["post-1421","post","type-post","status-publish","format-standard","has-post-thumbnail","hentry","category-informacje"],"_links":{"self":[{"href":"https:\/\/boxmusic.com.pl\/index.php\/wp-json\/wp\/v2\/posts\/1421","targetHints":{"allow":["GET"]}}],"collection":[{"href":"https:\/\/boxmusic.com.pl\/index.php\/wp-json\/wp\/v2\/posts"}],"about":[{"href":"https:\/\/boxmusic.com.pl\/index.php\/wp-json\/wp\/v2\/types\/post"}],"author":[{"embeddable":true,"href":"https:\/\/boxmusic.com.pl\/index.php\/wp-json\/wp\/v2\/users\/3"}],"replies":[{"embeddable":true,"href":"https:\/\/boxmusic.com.pl\/index.php\/wp-json\/wp\/v2\/comments?post=1421"}],"version-history":[{"count":1,"href":"https:\/\/boxmusic.com.pl\/index.php\/wp-json\/wp\/v2\/posts\/1421\/revisions"}],"predecessor-version":[{"id":1422,"href":"https:\/\/boxmusic.com.pl\/index.php\/wp-json\/wp\/v2\/posts\/1421\/revisions\/1422"}],"wp:featuredmedia":[{"embeddable":true,"href":"https:\/\/boxmusic.com.pl\/index.php\/wp-json\/wp\/v2\/media\/1415"}],"wp:attachment":[{"href":"https:\/\/boxmusic.com.pl\/index.php\/wp-json\/wp\/v2\/media?parent=1421"}],"wp:term":[{"taxonomy":"category","embeddable":true,"href":"https:\/\/boxmusic.com.pl\/index.php\/wp-json\/wp\/v2\/categories?post=1421"},{"taxonomy":"post_tag","embeddable":true,"href":"https:\/\/boxmusic.com.pl\/index.php\/wp-json\/wp\/v2\/tags?post=1421"}],"curies":[{"name":"wp","href":"https:\/\/api.w.org\/{rel}","templated":true}]}}