{"id":1433,"date":"2021-08-17T05:09:48","date_gmt":"2021-08-17T03:09:48","guid":{"rendered":"https:\/\/boxmusic.com.pl\/?p=1433"},"modified":"2024-11-07T07:03:34","modified_gmt":"2024-11-07T06:03:34","slug":"aktywnie-czy-na-lezaku","status":"publish","type":"post","link":"https:\/\/boxmusic.com.pl\/index.php\/2021\/08\/17\/aktywnie-czy-na-lezaku\/","title":{"rendered":"Aktywnie czy na le\u017caku?"},"content":{"rendered":"\n<p>Wyje\u017cd\u017caj\u0105c na urlop, pewnie wielu z nas staje przed dylematem \u2013 aktywny wypoczynek, czy relaks na le\u017caku? Hmm, wbrew pozorom decyzja nie jest \u0142atwa. A jak sytuacja prezentuje si\u0119 w letnich clipach naszych Gwiazd?<\/p>\n\n\n\n<p>Zdecydowanie leniwa i luzacka atmosfera kr\u00f3luje w clipie Mona Lisy do piosenki Ajaj kolorowe lato \u2013 pi\u0119kna sceneria, pi\u0119kne kobiety, le\u017caki i drinki\u2026 Wr\u0119cz wymarzona wizja wakacji\u2026<\/p>\n\n\n\n<figure class=\"wp-block-embed is-type-video is-provider-youtube wp-block-embed-youtube wp-embed-aspect-16-9 wp-has-aspect-ratio\"><div class=\"wp-block-embed__wrapper\">\n<iframe loading=\"lazy\" title=\"Mona Lisa - Ajajaj kolorowe lato\" width=\"990\" height=\"557\" src=\"https:\/\/www.youtube.com\/embed\/2FOVWbp7RVo?feature=oembed\" frameborder=\"0\" allow=\"accelerometer; autoplay; clipboard-write; encrypted-media; gyroscope; picture-in-picture\" allowfullscreen><\/iframe>\n<\/div><\/figure>\n\n\n\n<p>Na relaks podczas wakacyjnych wypad\u00f3w (przynajmniej w teledyskach) stawia te\u017c Stach. Wspomnie\u0107 mo\u017cna cho\u0107by propozycj\u0119 <em>Zabior\u0119 Ci\u0119 w marzenia moje<\/em> \u2013 c\u00f3\u017c, tylko pozazdro\u015bci\u0107 wypoczynku pod palm\u0105 i na le\u017caczku\u2026 Z drugiej strony w clipie <em>Seniorito, seniorito<\/em> Stach nawet ta\u0144czy na pla\u017cy \u2013 czyli aktywny wypoczynek r\u00f3wnie\u017c sprawia Mu przyjemno\u015b\u0107\u2026<\/p>\n\n\n\n<figure class=\"wp-block-embed is-type-video is-provider-youtube wp-block-embed-youtube wp-embed-aspect-16-9 wp-has-aspect-ratio\"><div class=\"wp-block-embed__wrapper\">\n<iframe loading=\"lazy\" title=\"Stach - Zabior\u0119 Ci\u0119 w marzenia moje\" width=\"990\" height=\"557\" src=\"https:\/\/www.youtube.com\/embed\/LhDPgfPQDCc?feature=oembed\" frameborder=\"0\" allow=\"accelerometer; autoplay; clipboard-write; encrypted-media; gyroscope; picture-in-picture\" allowfullscreen><\/iframe>\n<\/div><\/figure>\n\n\n\n<figure class=\"wp-block-embed is-type-video is-provider-youtube wp-block-embed-youtube wp-embed-aspect-16-9 wp-has-aspect-ratio\"><div class=\"wp-block-embed__wrapper\">\n<iframe loading=\"lazy\" title=\"Stach - Seniorito, seniorito\" width=\"990\" height=\"557\" src=\"https:\/\/www.youtube.com\/embed\/OvvKwfQZwJ4?feature=oembed\" frameborder=\"0\" allow=\"accelerometer; autoplay; clipboard-write; encrypted-media; gyroscope; picture-in-picture\" allowfullscreen><\/iframe>\n<\/div><\/figure>\n\n\n\n<p>Aktywnie, ale te\u017c na luzie relaksuj\u0105 si\u0119 z Beata i Bernard \u2013 BetiBer \u2013 w swoim clipie do piosenki <em>Lato<\/em>. Jest pla\u017ca, luz, ale te\u017c nieco ta\u0144ca czy pa\u0142y wypad motor\u00f3wk\u0105\u2026<\/p>\n\n\n\n<figure class=\"wp-block-embed is-type-video is-provider-youtube wp-block-embed-youtube wp-embed-aspect-16-9 wp-has-aspect-ratio\"><div class=\"wp-block-embed__wrapper\">\n<iframe loading=\"lazy\" title=\"BetiBer - Lato official video 2018 \u2588\u25ac\u2588 \u2588 \u2580\u2588\u2580\" width=\"990\" height=\"557\" src=\"https:\/\/www.youtube.com\/embed\/0Kw8ZEaUrTg?feature=oembed\" frameborder=\"0\" allow=\"accelerometer; autoplay; clipboard-write; encrypted-media; gyroscope; picture-in-picture\" allowfullscreen><\/iframe>\n<\/div><\/figure>\n\n\n\n<p>W nawi\u0105zaniu do aktywnego wypoczynku \u2013 hmm, na koniec mo\u017ce nie do ko\u0144ca wakacyjna, ale jak\u017ce przebojowa propozycja od Grzegorza Poloczka \u2013 <em>Komunijne ko\u0142o<\/em>\u2026 Tu zdecydowanie stawiamy na aktywno\u015b\u0107 \u2013 no, mo\u017ce a\u017c za bardzo \u2013 ostatecznie chyba niezbyt wielu Artyst\u00f3w mo\u017ce poszczyci\u0107 si\u0119 tym, \u017ce podczas ich wyst\u0119pu po scenie kr\u0105\u017cy\u0142 rowerzysta. Sk\u0105din\u0105d w tle pojawia si\u0119 te\u017c bardziej stacjonarna propozycja \u2013 czyli relaks z bombonierk\u0105\u2026<\/p>\n\n\n\n<figure class=\"wp-block-embed is-type-video is-provider-youtube wp-block-embed-youtube wp-embed-aspect-16-9 wp-has-aspect-ratio\"><div class=\"wp-block-embed__wrapper\">\n<iframe loading=\"lazy\" title=\"Grzegorz Poloczek - Komunijne ko\u0142o\" width=\"990\" height=\"557\" src=\"https:\/\/www.youtube.com\/embed\/zZ_8DABWKZg?feature=oembed\" frameborder=\"0\" allow=\"accelerometer; autoplay; clipboard-write; encrypted-media; gyroscope; picture-in-picture\" allowfullscreen><\/iframe>\n<\/div><\/figure>\n\n\n\n<p>Oczywi\u015bcie zawsze mo\u017cna po prostu \u2013 za Zespo\u0142em New For You \u2013 postawi\u0107 na Morze, wino i gor\u0105cy piach\u2026<\/p>\n\n\n\n<figure class=\"wp-block-embed is-type-video is-provider-youtube wp-block-embed-youtube wp-embed-aspect-16-9 wp-has-aspect-ratio\"><div class=\"wp-block-embed__wrapper\">\n<iframe loading=\"lazy\" title=\"New For You - Morze wino i gor\u0105cy piach (Koncert \u015al\u0105ska Gala Biesiadna 2013) HD\" width=\"990\" height=\"557\" src=\"https:\/\/www.youtube.com\/embed\/779UFkaap3I?feature=oembed\" frameborder=\"0\" allow=\"accelerometer; autoplay; clipboard-write; encrypted-media; gyroscope; picture-in-picture\" allowfullscreen><\/iframe>\n<\/div><\/figure>\n","protected":false},"excerpt":{"rendered":"<p>Wyje\u017cd\u017caj\u0105c na urlop, pewnie wielu z nas staje przed dylematem \u2013 aktywny wypoczynek, czy relaks na le\u017caku? Hmm, wbrew pozorom &hellip; <a href=\"https:\/\/boxmusic.com.pl\/index.php\/2021\/08\/17\/aktywnie-czy-na-lezaku\/\" class=\"more-link\"><span class=\"more-button\">Czytaj dalej<span class=\"screen-reader-text\">Aktywnie czy na le\u017caku?<\/span><\/span><\/a><\/p>\n","protected":false},"author":3,"featured_media":1434,"comment_status":"closed","ping_status":"open","sticky":false,"template":"","format":"standard","meta":{"footnotes":""},"categories":[3],"tags":[],"class_list":["post-1433","post","type-post","status-publish","format-standard","has-post-thumbnail","hentry","category-informacje"],"_links":{"self":[{"href":"https:\/\/boxmusic.com.pl\/index.php\/wp-json\/wp\/v2\/posts\/1433","targetHints":{"allow":["GET"]}}],"collection":[{"href":"https:\/\/boxmusic.com.pl\/index.php\/wp-json\/wp\/v2\/posts"}],"about":[{"href":"https:\/\/boxmusic.com.pl\/index.php\/wp-json\/wp\/v2\/types\/post"}],"author":[{"embeddable":true,"href":"https:\/\/boxmusic.com.pl\/index.php\/wp-json\/wp\/v2\/users\/3"}],"replies":[{"embeddable":true,"href":"https:\/\/boxmusic.com.pl\/index.php\/wp-json\/wp\/v2\/comments?post=1433"}],"version-history":[{"count":1,"href":"https:\/\/boxmusic.com.pl\/index.php\/wp-json\/wp\/v2\/posts\/1433\/revisions"}],"predecessor-version":[{"id":1436,"href":"https:\/\/boxmusic.com.pl\/index.php\/wp-json\/wp\/v2\/posts\/1433\/revisions\/1436"}],"wp:featuredmedia":[{"embeddable":true,"href":"https:\/\/boxmusic.com.pl\/index.php\/wp-json\/wp\/v2\/media\/1434"}],"wp:attachment":[{"href":"https:\/\/boxmusic.com.pl\/index.php\/wp-json\/wp\/v2\/media?parent=1433"}],"wp:term":[{"taxonomy":"category","embeddable":true,"href":"https:\/\/boxmusic.com.pl\/index.php\/wp-json\/wp\/v2\/categories?post=1433"},{"taxonomy":"post_tag","embeddable":true,"href":"https:\/\/boxmusic.com.pl\/index.php\/wp-json\/wp\/v2\/tags?post=1433"}],"curies":[{"name":"wp","href":"https:\/\/api.w.org\/{rel}","templated":true}]}}