{"id":1460,"date":"2021-09-01T04:45:01","date_gmt":"2021-09-01T02:45:01","guid":{"rendered":"https:\/\/boxmusic.com.pl\/?p=1460"},"modified":"2024-11-07T07:03:35","modified_gmt":"2024-11-07T06:03:35","slug":"gdzie-nadarzy-sie-okazja-do-spotkania-na-zywo-z-naszymi-gwiazdami","status":"publish","type":"post","link":"https:\/\/boxmusic.com.pl\/index.php\/2021\/09\/01\/gdzie-nadarzy-sie-okazja-do-spotkania-na-zywo-z-naszymi-gwiazdami\/","title":{"rendered":"Gdzie nadarzy si\u0119 okazja do spotkania na \u017cywo z naszymi Gwiazdami?"},"content":{"rendered":"\n<p>Niestety wakacje dobieg\u0142y ko\u0144ca, pogoda na razie te\u017c nas nie rozpieszcza. Podobno jednak pod koniec tygodnia sytuacja ma ulec poprawie \u2013 i ca\u0142e szcz\u0119\u015bcie, bo wrzesie\u0144 potrafi by\u0107 pi\u0119kny, a w dodatku w najbli\u017cszy weekend szykuje si\u0119 sporo ciekawych imprez, podczas kt\u00f3rych b\u0119dzie okazja do spotkania Waszych ulubionych Gwiazd.<\/p>\n\n\n\n<p>W najbli\u017csz\u0105 sobot\u0119 w Tarnowskich G\u00f3rach w ramach koncertu plenerowego wyst\u0105pi m.in. Bernadeta Kowalska i Przyjaciele oraz Zesp\u00f3\u0142 Weso\u0142a Biesiada. Tego samego dnia w Kosz\u0119cinie wyst\u0105pi natomiast w ramach Pikniku Le\u015bno-\u0141owieckiego \u201eCietrzewisko\u201d Damian Holecki.<\/p>\n\n\n\n<figure class=\"wp-block-image size-large is-resized\"><img loading=\"lazy\" decoding=\"async\" src=\"https:\/\/boxmusic.com.pl\/wp-content\/uploads\/2021\/08\/tarnowskie-gory-piknik-charytatywny-2021-724x1024.jpg\" alt=\"\" class=\"wp-image-1463\" width=\"304\" height=\"430\" srcset=\"https:\/\/boxmusic.com.pl\/wp-content\/uploads\/2021\/08\/tarnowskie-gory-piknik-charytatywny-2021-724x1024.jpg 724w, https:\/\/boxmusic.com.pl\/wp-content\/uploads\/2021\/08\/tarnowskie-gory-piknik-charytatywny-2021-212x300.jpg 212w, https:\/\/boxmusic.com.pl\/wp-content\/uploads\/2021\/08\/tarnowskie-gory-piknik-charytatywny-2021-768x1086.jpg 768w, https:\/\/boxmusic.com.pl\/wp-content\/uploads\/2021\/08\/tarnowskie-gory-piknik-charytatywny-2021-1086x1536.jpg 1086w, https:\/\/boxmusic.com.pl\/wp-content\/uploads\/2021\/08\/tarnowskie-gory-piknik-charytatywny-2021-467x660.jpg 467w, https:\/\/boxmusic.com.pl\/wp-content\/uploads\/2021\/08\/tarnowskie-gory-piknik-charytatywny-2021-17x24.jpg 17w, https:\/\/boxmusic.com.pl\/wp-content\/uploads\/2021\/08\/tarnowskie-gory-piknik-charytatywny-2021-25x36.jpg 25w, https:\/\/boxmusic.com.pl\/wp-content\/uploads\/2021\/08\/tarnowskie-gory-piknik-charytatywny-2021-34x48.jpg 34w, https:\/\/boxmusic.com.pl\/wp-content\/uploads\/2021\/08\/tarnowskie-gory-piknik-charytatywny-2021.jpg 1425w\" sizes=\"auto, (max-width: 304px) 100vw, 304px\" \/><\/figure>\n\n\n\n<figure class=\"wp-block-image size-large is-resized\"><img loading=\"lazy\" decoding=\"async\" src=\"https:\/\/boxmusic.com.pl\/wp-content\/uploads\/2021\/08\/koszecin-cietrzewisko-2021-1024x723.jpg\" alt=\"\" class=\"wp-image-1461\" width=\"853\" height=\"602\" srcset=\"https:\/\/boxmusic.com.pl\/wp-content\/uploads\/2021\/08\/koszecin-cietrzewisko-2021-1024x723.jpg 1024w, https:\/\/boxmusic.com.pl\/wp-content\/uploads\/2021\/08\/koszecin-cietrzewisko-2021-300x212.jpg 300w, https:\/\/boxmusic.com.pl\/wp-content\/uploads\/2021\/08\/koszecin-cietrzewisko-2021-768x542.jpg 768w, https:\/\/boxmusic.com.pl\/wp-content\/uploads\/2021\/08\/koszecin-cietrzewisko-2021-1536x1084.jpg 1536w, https:\/\/boxmusic.com.pl\/wp-content\/uploads\/2021\/08\/koszecin-cietrzewisko-2021-935x660.jpg 935w, https:\/\/boxmusic.com.pl\/wp-content\/uploads\/2021\/08\/koszecin-cietrzewisko-2021-24x17.jpg 24w, https:\/\/boxmusic.com.pl\/wp-content\/uploads\/2021\/08\/koszecin-cietrzewisko-2021-36x25.jpg 36w, https:\/\/boxmusic.com.pl\/wp-content\/uploads\/2021\/08\/koszecin-cietrzewisko-2021-48x34.jpg 48w, https:\/\/boxmusic.com.pl\/wp-content\/uploads\/2021\/08\/koszecin-cietrzewisko-2021.jpg 2048w\" sizes=\"auto, (max-width: 853px) 100vw, 853px\" \/><\/figure>\n\n\n\n<p>W niedziel\u0119 w Domu Kultury w \u017bernicy ko\u0142o Pilchowic wyst\u0105pi Kabaret Grzegorza Poloczka \u2013 czyli Grzegorz Poloczek, Kasia Piowczyk i Bartos. Tego samego dnia podczas do\u017cynek w Gogolinie wyst\u0105pi\u0105 Bernadeta Kowalska i Przyjaciele. R\u00f3wnie\u017c w niedziel\u0119, na \u015al\u0105skim Festiwalu Biesiady w Katowicach (Dolina Trzech Staw\u00f3w) wyst\u0105pi m.in. Duet Karo. W \u015awierkla\u0144cu podczas do\u017cynek wyst\u0105pi m.in. Damian Holecki.<\/p>\n\n\n\n<div class=\"wp-block-columns is-layout-flex wp-container-core-columns-is-layout-9d6595d7 wp-block-columns-is-layout-flex\">\n<div class=\"wp-block-column is-layout-flow wp-block-column-is-layout-flow\" style=\"flex-basis:100%\">\n<figure class=\"wp-block-image size-full is-resized\"><img loading=\"lazy\" decoding=\"async\" src=\"https:\/\/boxmusic.com.pl\/wp-content\/uploads\/2021\/08\/gogolin-zniwniok-2021.jpg\" alt=\"\" class=\"wp-image-1464\" width=\"242\" height=\"343\" srcset=\"https:\/\/boxmusic.com.pl\/wp-content\/uploads\/2021\/08\/gogolin-zniwniok-2021.jpg 677w, https:\/\/boxmusic.com.pl\/wp-content\/uploads\/2021\/08\/gogolin-zniwniok-2021-212x300.jpg 212w, https:\/\/boxmusic.com.pl\/wp-content\/uploads\/2021\/08\/gogolin-zniwniok-2021-465x660.jpg 465w, https:\/\/boxmusic.com.pl\/wp-content\/uploads\/2021\/08\/gogolin-zniwniok-2021-17x24.jpg 17w, https:\/\/boxmusic.com.pl\/wp-content\/uploads\/2021\/08\/gogolin-zniwniok-2021-25x36.jpg 25w, https:\/\/boxmusic.com.pl\/wp-content\/uploads\/2021\/08\/gogolin-zniwniok-2021-34x48.jpg 34w\" sizes=\"auto, (max-width: 242px) 100vw, 242px\" \/><\/figure>\n<\/div>\n<\/div>\n\n\n\n<figure class=\"wp-block-image size-large is-resized\"><img loading=\"lazy\" decoding=\"async\" src=\"https:\/\/boxmusic.com.pl\/wp-content\/uploads\/2021\/08\/swierklaniec-dozynki-2021-481x1024.jpg\" alt=\"\" class=\"wp-image-1462\" width=\"257\" height=\"547\" srcset=\"https:\/\/boxmusic.com.pl\/wp-content\/uploads\/2021\/08\/swierklaniec-dozynki-2021-481x1024.jpg 481w, https:\/\/boxmusic.com.pl\/wp-content\/uploads\/2021\/08\/swierklaniec-dozynki-2021-141x300.jpg 141w, https:\/\/boxmusic.com.pl\/wp-content\/uploads\/2021\/08\/swierklaniec-dozynki-2021-768x1634.jpg 768w, https:\/\/boxmusic.com.pl\/wp-content\/uploads\/2021\/08\/swierklaniec-dozynki-2021-722x1536.jpg 722w, https:\/\/boxmusic.com.pl\/wp-content\/uploads\/2021\/08\/swierklaniec-dozynki-2021-310x660.jpg 310w, https:\/\/boxmusic.com.pl\/wp-content\/uploads\/2021\/08\/swierklaniec-dozynki-2021-11x24.jpg 11w, https:\/\/boxmusic.com.pl\/wp-content\/uploads\/2021\/08\/swierklaniec-dozynki-2021-17x36.jpg 17w, https:\/\/boxmusic.com.pl\/wp-content\/uploads\/2021\/08\/swierklaniec-dozynki-2021-23x48.jpg 23w, https:\/\/boxmusic.com.pl\/wp-content\/uploads\/2021\/08\/swierklaniec-dozynki-2021.jpg 877w\" sizes=\"auto, (max-width: 257px) 100vw, 257px\" \/><\/figure>\n\n\n\n<figure class=\"wp-block-image size-large is-resized\"><img loading=\"lazy\" decoding=\"async\" src=\"https:\/\/boxmusic.com.pl\/wp-content\/uploads\/2021\/08\/pawel-fiszer-festiwal-2021-724x1024.jpg\" alt=\"\" class=\"wp-image-1465\" width=\"248\" height=\"351\" srcset=\"https:\/\/boxmusic.com.pl\/wp-content\/uploads\/2021\/08\/pawel-fiszer-festiwal-2021-724x1024.jpg 724w, https:\/\/boxmusic.com.pl\/wp-content\/uploads\/2021\/08\/pawel-fiszer-festiwal-2021-212x300.jpg 212w, https:\/\/boxmusic.com.pl\/wp-content\/uploads\/2021\/08\/pawel-fiszer-festiwal-2021-768x1086.jpg 768w, https:\/\/boxmusic.com.pl\/wp-content\/uploads\/2021\/08\/pawel-fiszer-festiwal-2021-467x660.jpg 467w, https:\/\/boxmusic.com.pl\/wp-content\/uploads\/2021\/08\/pawel-fiszer-festiwal-2021-17x24.jpg 17w, https:\/\/boxmusic.com.pl\/wp-content\/uploads\/2021\/08\/pawel-fiszer-festiwal-2021-25x36.jpg 25w, https:\/\/boxmusic.com.pl\/wp-content\/uploads\/2021\/08\/pawel-fiszer-festiwal-2021-34x48.jpg 34w, https:\/\/boxmusic.com.pl\/wp-content\/uploads\/2021\/08\/pawel-fiszer-festiwal-2021.jpg 1018w\" sizes=\"auto, (max-width: 248px) 100vw, 248px\" \/><\/figure>\n","protected":false},"excerpt":{"rendered":"<p>Niestety wakacje dobieg\u0142y ko\u0144ca, pogoda na razie te\u017c nas nie rozpieszcza. Podobno jednak pod koniec tygodnia sytuacja ma ulec poprawie &hellip; <a href=\"https:\/\/boxmusic.com.pl\/index.php\/2021\/09\/01\/gdzie-nadarzy-sie-okazja-do-spotkania-na-zywo-z-naszymi-gwiazdami\/\" class=\"more-link\"><span class=\"more-button\">Czytaj dalej<span class=\"screen-reader-text\">Gdzie nadarzy si\u0119 okazja do spotkania na \u017cywo z naszymi Gwiazdami?<\/span><\/span><\/a><\/p>\n","protected":false},"author":3,"featured_media":972,"comment_status":"closed","ping_status":"open","sticky":false,"template":"","format":"standard","meta":{"footnotes":""},"categories":[3],"tags":[],"class_list":["post-1460","post","type-post","status-publish","format-standard","has-post-thumbnail","hentry","category-informacje"],"_links":{"self":[{"href":"https:\/\/boxmusic.com.pl\/index.php\/wp-json\/wp\/v2\/posts\/1460","targetHints":{"allow":["GET"]}}],"collection":[{"href":"https:\/\/boxmusic.com.pl\/index.php\/wp-json\/wp\/v2\/posts"}],"about":[{"href":"https:\/\/boxmusic.com.pl\/index.php\/wp-json\/wp\/v2\/types\/post"}],"author":[{"embeddable":true,"href":"https:\/\/boxmusic.com.pl\/index.php\/wp-json\/wp\/v2\/users\/3"}],"replies":[{"embeddable":true,"href":"https:\/\/boxmusic.com.pl\/index.php\/wp-json\/wp\/v2\/comments?post=1460"}],"version-history":[{"count":1,"href":"https:\/\/boxmusic.com.pl\/index.php\/wp-json\/wp\/v2\/posts\/1460\/revisions"}],"predecessor-version":[{"id":1466,"href":"https:\/\/boxmusic.com.pl\/index.php\/wp-json\/wp\/v2\/posts\/1460\/revisions\/1466"}],"wp:featuredmedia":[{"embeddable":true,"href":"https:\/\/boxmusic.com.pl\/index.php\/wp-json\/wp\/v2\/media\/972"}],"wp:attachment":[{"href":"https:\/\/boxmusic.com.pl\/index.php\/wp-json\/wp\/v2\/media?parent=1460"}],"wp:term":[{"taxonomy":"category","embeddable":true,"href":"https:\/\/boxmusic.com.pl\/index.php\/wp-json\/wp\/v2\/categories?post=1460"},{"taxonomy":"post_tag","embeddable":true,"href":"https:\/\/boxmusic.com.pl\/index.php\/wp-json\/wp\/v2\/tags?post=1460"}],"curies":[{"name":"wp","href":"https:\/\/api.w.org\/{rel}","templated":true}]}}