{"id":1480,"date":"2021-09-14T22:29:08","date_gmt":"2021-09-14T20:29:08","guid":{"rendered":"https:\/\/boxmusic.com.pl\/?p=1480"},"modified":"2024-11-07T07:03:36","modified_gmt":"2024-11-07T06:03:36","slug":"nowe-twarze-na-slaskiej-gali-biesiadnej","status":"publish","type":"post","link":"https:\/\/boxmusic.com.pl\/index.php\/2021\/09\/14\/nowe-twarze-na-slaskiej-gali-biesiadnej\/","title":{"rendered":"Nowe twarze na \u015al\u0105skiej Gali Biesiadnej"},"content":{"rendered":"\n<p>Przygotowania do \u015al\u0105skiej Gali Biesiadnej 2022 id\u0105 pe\u0142n\u0105 par\u0105. Przygotowujemy dla Was mn\u00f3stwo niespodzianek \u2013 gwarantujemy, \u017ce b\u0119dzie to najbardziej wyj\u0105tkowe wydarzenie muzyczne, w jakim mogli\u015bcie bra\u0107 udzia\u0142.<\/p>\n\n\n\n<figure class=\"wp-block-image size-large\"><img loading=\"lazy\" decoding=\"async\" width=\"1024\" height=\"488\" src=\"https:\/\/boxmusic.com.pl\/wp-content\/uploads\/2021\/08\/sgb-baner-Gala-2022-fb-2-1024x488.jpg\" alt=\"\" class=\"wp-image-1416\" srcset=\"https:\/\/boxmusic.com.pl\/wp-content\/uploads\/2021\/08\/sgb-baner-Gala-2022-fb-2-1024x488.jpg 1024w, https:\/\/boxmusic.com.pl\/wp-content\/uploads\/2021\/08\/sgb-baner-Gala-2022-fb-2-300x143.jpg 300w, https:\/\/boxmusic.com.pl\/wp-content\/uploads\/2021\/08\/sgb-baner-Gala-2022-fb-2-768x366.jpg 768w, https:\/\/boxmusic.com.pl\/wp-content\/uploads\/2021\/08\/sgb-baner-Gala-2022-fb-2-1536x732.jpg 1536w, https:\/\/boxmusic.com.pl\/wp-content\/uploads\/2021\/08\/sgb-baner-Gala-2022-fb-2-2048x976.jpg 2048w, https:\/\/boxmusic.com.pl\/wp-content\/uploads\/2021\/08\/sgb-baner-Gala-2022-fb-2-990x472.jpg 990w, https:\/\/boxmusic.com.pl\/wp-content\/uploads\/2021\/08\/sgb-baner-Gala-2022-fb-2-24x11.jpg 24w, https:\/\/boxmusic.com.pl\/wp-content\/uploads\/2021\/08\/sgb-baner-Gala-2022-fb-2-36x17.jpg 36w, https:\/\/boxmusic.com.pl\/wp-content\/uploads\/2021\/08\/sgb-baner-Gala-2022-fb-2-48x23.jpg 48w\" sizes=\"auto, (max-width: 1024px) 100vw, 1024px\" \/><\/figure>\n\n\n\n<p>Podczas koncertu b\u0119dzie sporo okazji, do us\u0142yszenia wielkich przeboj\u00f3w naszych Gwiazd, niew\u0105tpliwie nie zabraknie te\u017c licznych premier muzycznych oraz pi\u0119knego widowiska.<\/p>\n\n\n\n<p>Na nadchodz\u0105cej \u015al\u0105skiej Gali Biesiadnej nie zabraknie Artyst\u00f3w, kt\u00f3rzy po raz pierwszy pojawi\u0105 si\u0119 na Gali, cho\u0107 niew\u0105tpliwie znacie Ich ju\u017c doskonale z medi\u00f3w i koncert\u00f3w. Mamy na my\u015bli przesympatyczny Duet A To My, utalentowana m\u0142oda Wokalistka \u2013 Magda, \u015bwietny Duet Romantica, czy pe\u0142en energii Zesp\u00f3\u0142 Time. Doskonale Wam znany Stach po raz pierwszy wyst\u0105pi z kolei w Duecie z Magdalen\u0105, z kt\u00f3r\u0105 wylansowa\u0142 ju\u017c dwa hity. R\u00f3wnie\u017c Grzegorz Poloczek po raz pierwszy na Gali pojawi si\u0119 w towarzystwie swojego Kabaretu \u2013 w sk\u0142ad kt\u00f3rego wchodz\u0105 Bartos oraz Kasia Piowczyk.<\/p>\n\n\n\n<figure class=\"wp-block-embed is-type-video is-provider-youtube wp-block-embed-youtube wp-embed-aspect-16-9 wp-has-aspect-ratio\"><div class=\"wp-block-embed__wrapper\">\n<iframe loading=\"lazy\" title=\"Magda - Ka\u017cdy Nowy \u015awit (Official Video 4K)\" width=\"990\" height=\"557\" src=\"https:\/\/www.youtube.com\/embed\/0-wYsD3GCt0?feature=oembed\" frameborder=\"0\" allow=\"accelerometer; autoplay; clipboard-write; encrypted-media; gyroscope; picture-in-picture\" allowfullscreen><\/iframe>\n<\/div><\/figure>\n\n\n\n<figure class=\"wp-block-embed is-type-video is-provider-youtube wp-block-embed-youtube wp-embed-aspect-16-9 wp-has-aspect-ratio\"><div class=\"wp-block-embed__wrapper\">\n<iframe loading=\"lazy\" title=\"Duet Romantica Spr\u00f3bujmy zrobi\u0107 co\u015b dla siebie SZLAGIEROWO.PL\" width=\"990\" height=\"557\" src=\"https:\/\/www.youtube.com\/embed\/NVDlmzl6mxA?feature=oembed\" frameborder=\"0\" allow=\"accelerometer; autoplay; clipboard-write; encrypted-media; gyroscope; picture-in-picture\" allowfullscreen><\/iframe>\n<\/div><\/figure>\n\n\n\n<p>Oczywi\u015bcie nie zabraknie r\u00f3wnie\u017c Gwiazd, kt\u00f3re znacie od lat i uwielbiacie \u2013 takich, jak Bernadeta Kowalska, Damian Holecki, Duet Karo, Weronika, Tim Fabian, Oxforduo. Ostatecznie bez tych Artyst\u00f3w chyba trudno ju\u017c wyobrazi\u0107 sobie \u015al\u0105sk\u0105 Gal\u0119 Biesiadn\u0105.\u00a0<\/p>\n\n\n\n<figure class=\"wp-block-embed is-type-video is-provider-youtube wp-block-embed-youtube wp-embed-aspect-16-9 wp-has-aspect-ratio\"><div class=\"wp-block-embed__wrapper\">\n<iframe loading=\"lazy\" title=\"Duet Karo - PREMIERA P\u0141YTY &quot;MI\u0141O\u015a\u0106 TO CUDOWNY SEN&quot; (X JUBILEUSZOWA \u015aL\u0104SKA GALA BIESIADNA)\" width=\"990\" height=\"557\" src=\"https:\/\/www.youtube.com\/embed\/ExC7Uddb9zU?feature=oembed\" frameborder=\"0\" allow=\"accelerometer; autoplay; clipboard-write; encrypted-media; gyroscope; picture-in-picture\" allowfullscreen><\/iframe>\n<\/div><\/figure>\n\n\n\n<p>Do tego dodajmy Zesp\u00f3\u0142 Ed-Ka \u2013 kt\u00f3ry pojawi\u0142 si\u0119 na Gali ju\u017c dwukrotnie i spotka\u0142 si\u0119 z Waszym \u015bwietnym odbiorem, od dawna niewidziany Duet Andy&amp;Lucia czy Piotra Herdzin\u0119, kt\u00f3ry kilka lat temu mia\u0142 okazj\u0119 pojawi\u0107 si\u0119 ju\u017c na \u015al\u0105skiej Gali Biesiadnej.<\/p>\n\n\n\n<figure class=\"wp-block-embed is-type-video is-provider-youtube wp-block-embed-youtube wp-embed-aspect-16-9 wp-has-aspect-ratio\"><div class=\"wp-block-embed__wrapper\">\n<iframe loading=\"lazy\" title=\"PIOTR HERDZINA -  WYGRAM Z LOSEM koncert SGB 2016\" width=\"990\" height=\"557\" src=\"https:\/\/www.youtube.com\/embed\/kDdoRzOQjOE?feature=oembed\" frameborder=\"0\" allow=\"accelerometer; autoplay; clipboard-write; encrypted-media; gyroscope; picture-in-picture\" allowfullscreen><\/iframe>\n<\/div><\/figure>\n\n\n\n<p>Nie zapominajmy te\u017c o Gwie\u017adzie Wieczoru, kt\u00f3r\u0105 tym razem b\u0119dzie \u015bwiatowej s\u0142awy Muzyk \u2013 Edward Simoni.<\/p>\n","protected":false},"excerpt":{"rendered":"<p>Przygotowania do \u015al\u0105skiej Gali Biesiadnej 2022 id\u0105 pe\u0142n\u0105 par\u0105. Przygotowujemy dla Was mn\u00f3stwo niespodzianek \u2013 gwarantujemy, \u017ce b\u0119dzie to najbardziej &hellip; <a href=\"https:\/\/boxmusic.com.pl\/index.php\/2021\/09\/14\/nowe-twarze-na-slaskiej-gali-biesiadnej\/\" class=\"more-link\"><span class=\"more-button\">Czytaj dalej<span class=\"screen-reader-text\">Nowe twarze na \u015al\u0105skiej Gali Biesiadnej<\/span><\/span><\/a><\/p>\n","protected":false},"author":3,"featured_media":1416,"comment_status":"closed","ping_status":"open","sticky":false,"template":"","format":"standard","meta":{"footnotes":""},"categories":[3],"tags":[5,6],"class_list":["post-1480","post","type-post","status-publish","format-standard","has-post-thumbnail","hentry","category-informacje","tag-sgb","tag-slaska-gala-biesiadna"],"_links":{"self":[{"href":"https:\/\/boxmusic.com.pl\/index.php\/wp-json\/wp\/v2\/posts\/1480","targetHints":{"allow":["GET"]}}],"collection":[{"href":"https:\/\/boxmusic.com.pl\/index.php\/wp-json\/wp\/v2\/posts"}],"about":[{"href":"https:\/\/boxmusic.com.pl\/index.php\/wp-json\/wp\/v2\/types\/post"}],"author":[{"embeddable":true,"href":"https:\/\/boxmusic.com.pl\/index.php\/wp-json\/wp\/v2\/users\/3"}],"replies":[{"embeddable":true,"href":"https:\/\/boxmusic.com.pl\/index.php\/wp-json\/wp\/v2\/comments?post=1480"}],"version-history":[{"count":1,"href":"https:\/\/boxmusic.com.pl\/index.php\/wp-json\/wp\/v2\/posts\/1480\/revisions"}],"predecessor-version":[{"id":1481,"href":"https:\/\/boxmusic.com.pl\/index.php\/wp-json\/wp\/v2\/posts\/1480\/revisions\/1481"}],"wp:featuredmedia":[{"embeddable":true,"href":"https:\/\/boxmusic.com.pl\/index.php\/wp-json\/wp\/v2\/media\/1416"}],"wp:attachment":[{"href":"https:\/\/boxmusic.com.pl\/index.php\/wp-json\/wp\/v2\/media?parent=1480"}],"wp:term":[{"taxonomy":"category","embeddable":true,"href":"https:\/\/boxmusic.com.pl\/index.php\/wp-json\/wp\/v2\/categories?post=1480"},{"taxonomy":"post_tag","embeddable":true,"href":"https:\/\/boxmusic.com.pl\/index.php\/wp-json\/wp\/v2\/tags?post=1480"}],"curies":[{"name":"wp","href":"https:\/\/api.w.org\/{rel}","templated":true}]}}