{"id":1647,"date":"2021-12-29T01:18:59","date_gmt":"2021-12-29T00:18:59","guid":{"rendered":"https:\/\/boxmusic.com.pl\/?p=1647"},"modified":"2024-11-07T07:03:32","modified_gmt":"2024-11-07T06:03:32","slug":"u-progu-sylwestra","status":"publish","type":"post","link":"https:\/\/boxmusic.com.pl\/index.php\/2021\/12\/29\/u-progu-sylwestra\/","title":{"rendered":"U progu Sylwestra"},"content":{"rendered":"\n<p>Zdrowie i bezpiecze\u0144stwo jest najwa\u017cniejsze, dlatego te\u017c w tym roku zn\u00f3w wielu z nas postawi na imprez\u0119 w domowym zaciszu. Nie oznacza to jednak braku dobrej zabawy \u2013 wystarczy odpali\u0107 p\u0142yt\u0119 kt\u00f3rego\u015b ze wsp\u00f3\u0142pracuj\u0105cych z nami Artyst\u00f3w lub po prostu w\u0142\u0105czy\u0107 jeden z naszych kana\u0142\u00f3w na Youtube (Box Music Bogdan Tyc oraz Box Music Official Audio) \u2013 znajdziecie tam niesamowity wyb\u00f3r rewelacyjnej muzyki, idealnej na \u015bwietn\u0105 imprez\u0119 (r\u00f3wnie\u017c w domowym zaciszu).<\/p>\n\n\n\n<p>St\u0119sknili\u015bcie si\u0119 za koncertami? Mo\u017ce macie ochot\u0119 zobaczy\u0107 w ca\u0142o\u015bci \u015al\u0105sk\u0105 Gal\u0119 Biesiadn\u0105? Wszystkie wspomniane koncerty znajdziecie w ca\u0142o\u015bci na naszych kana\u0142ach\u2026<\/p>\n\n\n\n<p>Poni\u017cej kilka naszych sylwestrowych propozycji\u2026<\/p>\n\n\n\n<figure class=\"wp-block-embed is-type-video is-provider-youtube wp-block-embed-youtube wp-embed-aspect-16-9 wp-has-aspect-ratio\"><div class=\"wp-block-embed__wrapper\">\n<iframe loading=\"lazy\" title=\"Bernadeta Kowalska - To by\u0142 bal (koncert)\" width=\"990\" height=\"557\" src=\"https:\/\/www.youtube.com\/embed\/fNgFo4BY17Q?list=PL1ThZKo6fVIpPH5_5VhknBBql5O7UU3rk\" frameborder=\"0\" allow=\"accelerometer; autoplay; clipboard-write; encrypted-media; gyroscope; picture-in-picture\" allowfullscreen><\/iframe>\n<\/div><\/figure>\n\n\n\n<figure class=\"wp-block-embed is-type-video is-provider-youtube wp-block-embed-youtube wp-embed-aspect-16-9 wp-has-aspect-ratio\"><div class=\"wp-block-embed__wrapper\">\n<iframe loading=\"lazy\" title=\"Duet Karo - 1,2,3,4 Dziubka mi dej\" width=\"990\" height=\"557\" src=\"https:\/\/www.youtube.com\/embed\/ZluKD02--mk?list=PL1ThZKo6fVIpivZaAWIz-buR6VTcHvEUT\" frameborder=\"0\" allow=\"accelerometer; autoplay; clipboard-write; encrypted-media; gyroscope; picture-in-picture\" allowfullscreen><\/iframe>\n<\/div><\/figure>\n\n\n\n<figure class=\"wp-block-embed is-type-video is-provider-youtube wp-block-embed-youtube wp-embed-aspect-16-9 wp-has-aspect-ratio\"><div class=\"wp-block-embed__wrapper\">\n<iframe loading=\"lazy\" title=\"Ed&#039;Mans - Plecy\" width=\"990\" height=\"557\" src=\"https:\/\/www.youtube.com\/embed\/xTJLsSbKOyU?feature=oembed\" frameborder=\"0\" allow=\"accelerometer; autoplay; clipboard-write; encrypted-media; gyroscope; picture-in-picture\" allowfullscreen><\/iframe>\n<\/div><\/figure>\n\n\n\n<figure class=\"wp-block-embed is-type-video is-provider-youtube wp-block-embed-youtube wp-embed-aspect-16-9 wp-has-aspect-ratio\"><div class=\"wp-block-embed__wrapper\">\n<iframe loading=\"lazy\" title=\"Damian Holecki - Ja szukam Ciebie (koncert)\" width=\"990\" height=\"557\" src=\"https:\/\/www.youtube.com\/embed\/4Czzz5JUsnY?feature=oembed\" frameborder=\"0\" allow=\"accelerometer; autoplay; clipboard-write; encrypted-media; gyroscope; picture-in-picture\" allowfullscreen><\/iframe>\n<\/div><\/figure>\n\n\n\n<figure class=\"wp-block-embed is-type-video is-provider-youtube wp-block-embed-youtube wp-embed-aspect-16-9 wp-has-aspect-ratio\"><div class=\"wp-block-embed__wrapper\">\n<iframe loading=\"lazy\" title=\"Frela Blue - Samba (official video)\" width=\"990\" height=\"557\" src=\"https:\/\/www.youtube.com\/embed\/t4eUcQB8bG4?feature=oembed\" frameborder=\"0\" allow=\"accelerometer; autoplay; clipboard-write; encrypted-media; gyroscope; picture-in-picture\" allowfullscreen><\/iframe>\n<\/div><\/figure>\n\n\n\n<figure class=\"wp-block-embed is-type-video is-provider-youtube wp-block-embed-youtube wp-embed-aspect-16-9 wp-has-aspect-ratio\"><div class=\"wp-block-embed__wrapper\">\n<iframe loading=\"lazy\" title=\"Bernadeta Kowalska i Przyjaciele - Ta\u0144czy\u0107 chc\u0119\" width=\"990\" height=\"557\" src=\"https:\/\/www.youtube.com\/embed\/xCeB6psHYoY?list=PL1ThZKo6fVIpPH5_5VhknBBql5O7UU3rk\" frameborder=\"0\" allow=\"accelerometer; autoplay; clipboard-write; encrypted-media; gyroscope; picture-in-picture\" allowfullscreen><\/iframe>\n<\/div><\/figure>\n\n\n\n<figure class=\"wp-block-embed is-type-video is-provider-youtube wp-block-embed-youtube wp-embed-aspect-16-9 wp-has-aspect-ratio\"><div class=\"wp-block-embed__wrapper\">\n<iframe loading=\"lazy\" title=\"Duet Karo - Co w duszy gra (Koncert \u015al\u0105ska Gala Biesiadna 2013)\" width=\"990\" height=\"557\" src=\"https:\/\/www.youtube.com\/embed\/A9N2dunm8d0?feature=oembed\" frameborder=\"0\" allow=\"accelerometer; autoplay; clipboard-write; encrypted-media; gyroscope; picture-in-picture\" allowfullscreen><\/iframe>\n<\/div><\/figure>\n","protected":false},"excerpt":{"rendered":"<p>Zdrowie i bezpiecze\u0144stwo jest najwa\u017cniejsze, dlatego te\u017c w tym roku zn\u00f3w wielu z nas postawi na imprez\u0119 w domowym zaciszu. &hellip; <a href=\"https:\/\/boxmusic.com.pl\/index.php\/2021\/12\/29\/u-progu-sylwestra\/\" class=\"more-link\"><span class=\"more-button\">Czytaj dalej<span class=\"screen-reader-text\">U progu Sylwestra<\/span><\/span><\/a><\/p>\n","protected":false},"author":3,"featured_media":1648,"comment_status":"closed","ping_status":"open","sticky":false,"template":"","format":"standard","meta":{"footnotes":""},"categories":[3],"tags":[],"class_list":["post-1647","post","type-post","status-publish","format-standard","has-post-thumbnail","hentry","category-informacje"],"_links":{"self":[{"href":"https:\/\/boxmusic.com.pl\/index.php\/wp-json\/wp\/v2\/posts\/1647","targetHints":{"allow":["GET"]}}],"collection":[{"href":"https:\/\/boxmusic.com.pl\/index.php\/wp-json\/wp\/v2\/posts"}],"about":[{"href":"https:\/\/boxmusic.com.pl\/index.php\/wp-json\/wp\/v2\/types\/post"}],"author":[{"embeddable":true,"href":"https:\/\/boxmusic.com.pl\/index.php\/wp-json\/wp\/v2\/users\/3"}],"replies":[{"embeddable":true,"href":"https:\/\/boxmusic.com.pl\/index.php\/wp-json\/wp\/v2\/comments?post=1647"}],"version-history":[{"count":1,"href":"https:\/\/boxmusic.com.pl\/index.php\/wp-json\/wp\/v2\/posts\/1647\/revisions"}],"predecessor-version":[{"id":1649,"href":"https:\/\/boxmusic.com.pl\/index.php\/wp-json\/wp\/v2\/posts\/1647\/revisions\/1649"}],"wp:featuredmedia":[{"embeddable":true,"href":"https:\/\/boxmusic.com.pl\/index.php\/wp-json\/wp\/v2\/media\/1648"}],"wp:attachment":[{"href":"https:\/\/boxmusic.com.pl\/index.php\/wp-json\/wp\/v2\/media?parent=1647"}],"wp:term":[{"taxonomy":"category","embeddable":true,"href":"https:\/\/boxmusic.com.pl\/index.php\/wp-json\/wp\/v2\/categories?post=1647"},{"taxonomy":"post_tag","embeddable":true,"href":"https:\/\/boxmusic.com.pl\/index.php\/wp-json\/wp\/v2\/tags?post=1647"}],"curies":[{"name":"wp","href":"https:\/\/api.w.org\/{rel}","templated":true}]}}