{"id":1849,"date":"2022-04-29T00:56:00","date_gmt":"2022-04-28T22:56:00","guid":{"rendered":"https:\/\/boxmusic.com.pl\/?p=1849"},"modified":"2024-11-07T07:03:30","modified_gmt":"2024-11-07T06:03:30","slug":"gdzie-mozna-spotkac-nasze-gwiazdy-w-najblizszym-czasie-na-zywo","status":"publish","type":"post","link":"https:\/\/boxmusic.com.pl\/index.php\/2022\/04\/29\/gdzie-mozna-spotkac-nasze-gwiazdy-w-najblizszym-czasie-na-zywo\/","title":{"rendered":"Gdzie mo\u017cna spotka\u0107 nasze Gwiazdy w najbli\u017cszym czasie na \u017cywo?"},"content":{"rendered":"\n<p><strong>Po zimie, pandemii i Wielkim Po\u015bcie powoli zaczyna si\u0119 sezon koncertowy\u2026 Gdzie wi\u0119c w najbli\u017cszym czasie mo\u017cna spotka\u0107 Wasze ulubione Gwiazdy na \u017cywo?<\/strong><\/p>\n\n\n\n<p>W najbli\u017cszych dniach nadarzy si\u0119 kilka okazji do spotkania Waszych ulubie\u0144c\u00f3w podczas koncert\u00f3w \u2013 i to zar\u00f3wno na salach, jak te\u017c w plenerze. Okazji jest pod dostatkiem &#8211; maj\u00f3wka, Dzie\u0144 Stra\u017caka (i Hutnika), jak te\u017c nadchodz\u0105cy powoli Dzie\u0144 Matki&#8230;<\/p>\n\n\n\n<figure class=\"wp-block-image size-large\"><img loading=\"lazy\" decoding=\"async\" width=\"1024\" height=\"681\" src=\"https:\/\/boxmusic.com.pl\/wp-content\/uploads\/2022\/03\/DSC_0696-1024x681.jpg\" alt=\"\" class=\"wp-image-1788\" srcset=\"https:\/\/boxmusic.com.pl\/wp-content\/uploads\/2022\/03\/DSC_0696-1024x681.jpg 1024w, https:\/\/boxmusic.com.pl\/wp-content\/uploads\/2022\/03\/DSC_0696-300x200.jpg 300w, https:\/\/boxmusic.com.pl\/wp-content\/uploads\/2022\/03\/DSC_0696-768x511.jpg 768w, https:\/\/boxmusic.com.pl\/wp-content\/uploads\/2022\/03\/DSC_0696-1536x1022.jpg 1536w, https:\/\/boxmusic.com.pl\/wp-content\/uploads\/2022\/03\/DSC_0696-2048x1363.jpg 2048w, https:\/\/boxmusic.com.pl\/wp-content\/uploads\/2022\/03\/DSC_0696-24x16.jpg 24w, https:\/\/boxmusic.com.pl\/wp-content\/uploads\/2022\/03\/DSC_0696-36x24.jpg 36w, https:\/\/boxmusic.com.pl\/wp-content\/uploads\/2022\/03\/DSC_0696-48x32.jpg 48w\" sizes=\"auto, (max-width: 1024px) 100vw, 1024px\" \/><\/figure>\n\n\n\n<p>30 kwietnia w Mys\u0142owicach w Parku Zamkowym wyst\u0105pi\u0105 Damian Holecki oraz Grzegorz Poloczek. Impreza odb\u0119dzie si\u0119 z okazji otwarcia tego\u017c Parku po remoncie.<\/p>\n\n\n\n<figure class=\"wp-block-embed is-type-video is-provider-youtube wp-block-embed-youtube wp-embed-aspect-16-9 wp-has-aspect-ratio\"><div class=\"wp-block-embed__wrapper\">\n<iframe loading=\"lazy\" title=\"Damian Holecki - Jeste\u015b moim anio\u0142em\" width=\"990\" height=\"557\" src=\"https:\/\/www.youtube.com\/embed\/tIItj-IUn-Q?feature=oembed\" frameborder=\"0\" allow=\"accelerometer; autoplay; clipboard-write; encrypted-media; gyroscope; picture-in-picture\" allowfullscreen><\/iframe>\n<\/div><\/figure>\n\n\n\n<p>4 maja w Siemianowickim Centrum Kultury \u2013 Parku Tradycji, wyst\u0105pi natomiast Duet Karo. B\u0119dzie to wyj\u0105tkowy koncert z Okazji Dnia Hutnika (nawiasem m\u00f3wi\u0105c r\u00f3wnie\u017c Dnia Stra\u017caka).<\/p>\n\n\n\n<figure class=\"wp-block-embed is-type-video is-provider-youtube wp-block-embed-youtube wp-embed-aspect-16-9 wp-has-aspect-ratio\"><div class=\"wp-block-embed__wrapper\">\n<iframe loading=\"lazy\" title=\"Duet Karo - Kochosz mie czy niy\" width=\"990\" height=\"557\" src=\"https:\/\/www.youtube.com\/embed\/4MFO_y5m7TQ?feature=oembed\" frameborder=\"0\" allow=\"accelerometer; autoplay; clipboard-write; encrypted-media; gyroscope; picture-in-picture\" allowfullscreen><\/iframe>\n<\/div><\/figure>\n\n\n\n<p>6 maja z kolei w Sp\u00f3\u0142dzielczym Domu Kultury w Piekarach \u015al\u0105skich wyst\u0105pi Bernadeta Kowalska. Koncert b\u0119dzie stanowi\u0142 przedsmak zbli\u017caj\u0105cego si\u0119 Dnia Matki.<\/p>\n\n\n\n<figure class=\"wp-block-embed is-type-video is-provider-youtube wp-block-embed-youtube wp-embed-aspect-16-9 wp-has-aspect-ratio\"><div class=\"wp-block-embed__wrapper\">\n<iframe loading=\"lazy\" title=\"Bernadeta Kowalska i Przyjaciele   - koncert  X \u015aGB 2017\" width=\"990\" height=\"557\" src=\"https:\/\/www.youtube.com\/embed\/kK6s1HIjJeo?feature=oembed\" frameborder=\"0\" allow=\"accelerometer; autoplay; clipboard-write; encrypted-media; gyroscope; picture-in-picture\" allowfullscreen><\/iframe>\n<\/div><\/figure>\n\n\n\n<p>7 maja natomiast w Grudzi\u0105dzu nadarzy si\u0119 okazja do spotkania z Duetem Karo, podczas imprezy z udzia\u0142em kilku Artyst\u00f3w \u015bl\u0105skiej sceny \u2013 mowa o wydarzeniu kryj\u0105cym si\u0119 pod nazw\u0105 Gala \u015al\u0105skich Szlagier\u00f3w.<\/p>\n","protected":false},"excerpt":{"rendered":"<p>Po zimie, pandemii i Wielkim Po\u015bcie powoli zaczyna si\u0119 sezon koncertowy\u2026 Gdzie wi\u0119c w najbli\u017cszym czasie mo\u017cna spotka\u0107 Wasze ulubione &hellip; <a href=\"https:\/\/boxmusic.com.pl\/index.php\/2022\/04\/29\/gdzie-mozna-spotkac-nasze-gwiazdy-w-najblizszym-czasie-na-zywo\/\" class=\"more-link\"><span class=\"more-button\">Czytaj dalej<span class=\"screen-reader-text\">Gdzie mo\u017cna spotka\u0107 nasze Gwiazdy w najbli\u017cszym czasie na \u017cywo?<\/span><\/span><\/a><\/p>\n","protected":false},"author":3,"featured_media":62,"comment_status":"closed","ping_status":"open","sticky":false,"template":"","format":"standard","meta":{"footnotes":""},"categories":[3],"tags":[],"class_list":["post-1849","post","type-post","status-publish","format-standard","has-post-thumbnail","hentry","category-informacje"],"_links":{"self":[{"href":"https:\/\/boxmusic.com.pl\/index.php\/wp-json\/wp\/v2\/posts\/1849","targetHints":{"allow":["GET"]}}],"collection":[{"href":"https:\/\/boxmusic.com.pl\/index.php\/wp-json\/wp\/v2\/posts"}],"about":[{"href":"https:\/\/boxmusic.com.pl\/index.php\/wp-json\/wp\/v2\/types\/post"}],"author":[{"embeddable":true,"href":"https:\/\/boxmusic.com.pl\/index.php\/wp-json\/wp\/v2\/users\/3"}],"replies":[{"embeddable":true,"href":"https:\/\/boxmusic.com.pl\/index.php\/wp-json\/wp\/v2\/comments?post=1849"}],"version-history":[{"count":1,"href":"https:\/\/boxmusic.com.pl\/index.php\/wp-json\/wp\/v2\/posts\/1849\/revisions"}],"predecessor-version":[{"id":1850,"href":"https:\/\/boxmusic.com.pl\/index.php\/wp-json\/wp\/v2\/posts\/1849\/revisions\/1850"}],"wp:featuredmedia":[{"embeddable":true,"href":"https:\/\/boxmusic.com.pl\/index.php\/wp-json\/wp\/v2\/media\/62"}],"wp:attachment":[{"href":"https:\/\/boxmusic.com.pl\/index.php\/wp-json\/wp\/v2\/media?parent=1849"}],"wp:term":[{"taxonomy":"category","embeddable":true,"href":"https:\/\/boxmusic.com.pl\/index.php\/wp-json\/wp\/v2\/categories?post=1849"},{"taxonomy":"post_tag","embeddable":true,"href":"https:\/\/boxmusic.com.pl\/index.php\/wp-json\/wp\/v2\/tags?post=1849"}],"curies":[{"name":"wp","href":"https:\/\/api.w.org\/{rel}","templated":true}]}}