{"id":1872,"date":"2022-05-06T15:45:00","date_gmt":"2022-05-06T13:45:00","guid":{"rendered":"https:\/\/boxmusic.com.pl\/?p=1872"},"modified":"2024-11-07T07:03:31","modified_gmt":"2024-11-07T06:03:31","slug":"gdzie-w-najblizszym-czasie-jest-szansa-na-spotkanie-naszych-artystow-na-zywo","status":"publish","type":"post","link":"https:\/\/boxmusic.com.pl\/index.php\/2022\/05\/06\/gdzie-w-najblizszym-czasie-jest-szansa-na-spotkanie-naszych-artystow-na-zywo\/","title":{"rendered":"Gdzie w najbli\u017cszym czasie jest szansa na spotkanie naszych Artyst\u00f3w na \u017cywo?"},"content":{"rendered":"\n<p><strong>Wiosna to \u2013 na szcz\u0119\u015bcie \u2013 czas coraz liczniejszych koncert\u00f3w. W tym roku, pierwszy raz od trzech lat w tym wzgl\u0119dzie widzimy zal\u0105\u017cki normalno\u015bci \u2013 pojawia si\u0119 sporo wydarze\u0144, podczas kt\u00f3rych mo\u017cecie spotka\u0107 i us\u0142ysze\u0107 na \u017cywo Waszych ulubie\u0144c\u00f3w. Nie zabraknie te\u017c okazji do spotkania z zaprzyja\u017anionymi z nami Gwiazdami.<\/strong><\/p>\n\n\n\n<p>Ju\u017c 7 maja w Grudzi\u0105dzu b\u0119dziecie mieli szans\u0119 podczas koncertu z udzia\u0142em kilku Artyst\u00f3w spotka\u0107 m.in. <strong>Duet Karo<\/strong>.<\/p>\n\n\n\n<figure class=\"wp-block-embed is-type-video is-provider-youtube wp-block-embed-youtube wp-embed-aspect-16-9 wp-has-aspect-ratio\"><div class=\"wp-block-embed__wrapper\">\n<iframe loading=\"lazy\" title=\"Duet Karo - Pi\u0119kny sen (koncert)\" width=\"990\" height=\"557\" src=\"https:\/\/www.youtube.com\/embed\/0V9co1uVyIc?feature=oembed\" frameborder=\"0\" allow=\"accelerometer; autoplay; clipboard-write; encrypted-media; gyroscope; picture-in-picture\" allowfullscreen><\/iframe>\n<\/div><\/figure>\n\n\n\n<p>8 maja r\u00f3wnie\u017c nadarzy si\u0119 okazja do spotkania <strong>Duetu Karo<\/strong> w Warlubiu podczas koncertu z udzia\u0142em kilku Artyst\u00f3w \u015al\u0105skiej sceny. R\u00f3wnie\u017c 8 maja macie szans\u0119 na spotkanie z <strong>Grzegorzem Poloczkiem<\/strong>, kt\u00f3ry wyst\u0105pi z Kabaretem w Czerwionce Leszczynach ze swoim jubileuszowym programem.<\/p>\n\n\n\n<p>Je\u015bli lubicie <strong>Grzegorza Poloczka<\/strong>, okazja do spotkania z Artystk\u0105 nadarzy si\u0119 te\u017c 13 maja w Rudzie \u015al\u0105skiej w Centrum Kultury im. H. Bisty. Tym razem Grzegorz stawia na w pe\u0142ni \u015bl\u0105ski program.<\/p>\n\n\n\n<figure class=\"wp-block-embed is-type-video is-provider-youtube wp-block-embed-youtube wp-embed-aspect-16-9 wp-has-aspect-ratio\"><div class=\"wp-block-embed__wrapper\">\n<iframe loading=\"lazy\" title=\"Grzegorz Poloczek - Och Usia Usia (Koncert \u015al\u0105ska Gala Biesiadna 2013) HD\" width=\"990\" height=\"557\" src=\"https:\/\/www.youtube.com\/embed\/iLj0ApCsNCQ?feature=oembed\" frameborder=\"0\" allow=\"accelerometer; autoplay; clipboard-write; encrypted-media; gyroscope; picture-in-picture\" allowfullscreen><\/iframe>\n<\/div><\/figure>\n\n\n\n<p>14 maja z kolei b\u0119dziecie mogli spotka\u0107 <strong>Duet Karo<\/strong> w Poznaniu \u2013 podczas kolejnej imprezy z cyklu z udzia\u0142em kilku Artyst\u00f3w naszej szlagierowej sceny.<\/p>\n\n\n\n<p>15 maja b\u0119dziecie mieli okazj\u0119 spotka\u0107 <strong>Duet Karo <\/strong>w Toruniu \u2013 podczas kolejnego koncertu z wy\u017cej wspomnianego cyklu.<\/p>\n\n\n\n<figure class=\"wp-block-image size-large\"><img loading=\"lazy\" decoding=\"async\" width=\"1024\" height=\"681\" src=\"https:\/\/boxmusic.com.pl\/wp-content\/uploads\/2022\/03\/DSC_0696-1024x681.jpg\" alt=\"\" class=\"wp-image-1788\" srcset=\"https:\/\/boxmusic.com.pl\/wp-content\/uploads\/2022\/03\/DSC_0696-1024x681.jpg 1024w, https:\/\/boxmusic.com.pl\/wp-content\/uploads\/2022\/03\/DSC_0696-300x200.jpg 300w, https:\/\/boxmusic.com.pl\/wp-content\/uploads\/2022\/03\/DSC_0696-768x511.jpg 768w, https:\/\/boxmusic.com.pl\/wp-content\/uploads\/2022\/03\/DSC_0696-1536x1022.jpg 1536w, https:\/\/boxmusic.com.pl\/wp-content\/uploads\/2022\/03\/DSC_0696-2048x1363.jpg 2048w, https:\/\/boxmusic.com.pl\/wp-content\/uploads\/2022\/03\/DSC_0696-24x16.jpg 24w, https:\/\/boxmusic.com.pl\/wp-content\/uploads\/2022\/03\/DSC_0696-36x24.jpg 36w, https:\/\/boxmusic.com.pl\/wp-content\/uploads\/2022\/03\/DSC_0696-48x32.jpg 48w\" sizes=\"auto, (max-width: 1024px) 100vw, 1024px\" \/><\/figure>\n","protected":false},"excerpt":{"rendered":"<p>Wiosna to \u2013 na szcz\u0119\u015bcie \u2013 czas coraz liczniejszych koncert\u00f3w. W tym roku, pierwszy raz od trzech lat w tym &hellip; <a href=\"https:\/\/boxmusic.com.pl\/index.php\/2022\/05\/06\/gdzie-w-najblizszym-czasie-jest-szansa-na-spotkanie-naszych-artystow-na-zywo\/\" class=\"more-link\"><span class=\"more-button\">Czytaj dalej<span class=\"screen-reader-text\">Gdzie w najbli\u017cszym czasie jest szansa na spotkanie naszych Artyst\u00f3w na \u017cywo?<\/span><\/span><\/a><\/p>\n","protected":false},"author":3,"featured_media":1788,"comment_status":"closed","ping_status":"open","sticky":false,"template":"","format":"standard","meta":{"footnotes":""},"categories":[3],"tags":[],"class_list":["post-1872","post","type-post","status-publish","format-standard","has-post-thumbnail","hentry","category-informacje"],"_links":{"self":[{"href":"https:\/\/boxmusic.com.pl\/index.php\/wp-json\/wp\/v2\/posts\/1872","targetHints":{"allow":["GET"]}}],"collection":[{"href":"https:\/\/boxmusic.com.pl\/index.php\/wp-json\/wp\/v2\/posts"}],"about":[{"href":"https:\/\/boxmusic.com.pl\/index.php\/wp-json\/wp\/v2\/types\/post"}],"author":[{"embeddable":true,"href":"https:\/\/boxmusic.com.pl\/index.php\/wp-json\/wp\/v2\/users\/3"}],"replies":[{"embeddable":true,"href":"https:\/\/boxmusic.com.pl\/index.php\/wp-json\/wp\/v2\/comments?post=1872"}],"version-history":[{"count":1,"href":"https:\/\/boxmusic.com.pl\/index.php\/wp-json\/wp\/v2\/posts\/1872\/revisions"}],"predecessor-version":[{"id":1873,"href":"https:\/\/boxmusic.com.pl\/index.php\/wp-json\/wp\/v2\/posts\/1872\/revisions\/1873"}],"wp:featuredmedia":[{"embeddable":true,"href":"https:\/\/boxmusic.com.pl\/index.php\/wp-json\/wp\/v2\/media\/1788"}],"wp:attachment":[{"href":"https:\/\/boxmusic.com.pl\/index.php\/wp-json\/wp\/v2\/media?parent=1872"}],"wp:term":[{"taxonomy":"category","embeddable":true,"href":"https:\/\/boxmusic.com.pl\/index.php\/wp-json\/wp\/v2\/categories?post=1872"},{"taxonomy":"post_tag","embeddable":true,"href":"https:\/\/boxmusic.com.pl\/index.php\/wp-json\/wp\/v2\/tags?post=1872"}],"curies":[{"name":"wp","href":"https:\/\/api.w.org\/{rel}","templated":true}]}}