{"id":1958,"date":"2022-06-28T01:58:00","date_gmt":"2022-06-27T23:58:00","guid":{"rendered":"https:\/\/boxmusic.com.pl\/?p=1958"},"modified":"2024-11-07T07:03:34","modified_gmt":"2024-11-07T06:03:34","slug":"gdzie-spotkac-naszych-artystow-na-koncertach","status":"publish","type":"post","link":"https:\/\/boxmusic.com.pl\/index.php\/2022\/06\/28\/gdzie-spotkac-naszych-artystow-na-koncertach\/","title":{"rendered":"Gdzie spotka\u0107 naszych Artyst\u00f3w na koncertach?"},"content":{"rendered":"\n<p><strong>Hmm, za nami ju\u017c kilka dni wakacji. Kumulacja dni miast i gmin za nami, nie oznacza to jednak ko\u0144ca koncert\u00f3w i imprez z udzia\u0142em Gwiazd naszej Sceny. Gdzie wi\u0119c w najbli\u017cszym czasie mo\u017cna spotka\u0107 nasze zaprzyja\u017anione Gwiazdy?<\/strong><\/p>\n\n\n\n<p>Ju\u017c w sobot\u0119 w Mys\u0142owicach, w Parku Zamkowym nadarzy si\u0119 okazja m.in. do spotkania muzycznego z Bernadet\u0105 Kowalsk\u0105 i Przyjaci\u00f3\u0142mi, kt\u00f3ra wyst\u0105pi w ramach Sobotniej Parady Hit\u00f3w pod patronatem Radia FEST.<\/p>\n\n\n\n<figure class=\"wp-block-embed is-type-video is-provider-youtube wp-block-embed-youtube wp-embed-aspect-16-9 wp-has-aspect-ratio\"><div class=\"wp-block-embed__wrapper\">\n<iframe loading=\"lazy\" title=\"Bernadeta Kowalska i Przyjaciele - Ju\u017c pora (koncert)\" width=\"990\" height=\"557\" src=\"https:\/\/www.youtube.com\/embed\/fJJP3kXHaS8?feature=oembed\" frameborder=\"0\" allow=\"accelerometer; autoplay; clipboard-write; encrypted-media; gyroscope; picture-in-picture\" allowfullscreen><\/iframe>\n<\/div><\/figure>\n\n\n\n<p>W kolejny weekend 9 lipca w Skokach w ramach imprezy na powitanie lata, b\u0119dziecie mieli okazj\u0119 spotka\u0107 m.in. Grzegorza Poloczka z Kabaretem.<\/p>\n\n\n\n<figure class=\"wp-block-embed is-type-video is-provider-youtube wp-block-embed-youtube wp-embed-aspect-16-9 wp-has-aspect-ratio\"><div class=\"wp-block-embed__wrapper\">\n<iframe loading=\"lazy\" title=\"Grzegorz Poloczek - Och Usia Usia (Koncert \u015al\u0105ska Gala Biesiadna 2013) HD\" width=\"990\" height=\"557\" src=\"https:\/\/www.youtube.com\/embed\/iLj0ApCsNCQ?feature=oembed\" frameborder=\"0\" allow=\"accelerometer; autoplay; clipboard-write; encrypted-media; gyroscope; picture-in-picture\" allowfullscreen><\/iframe>\n<\/div><\/figure>\n\n\n\n<p>Z kolei 10 lipca w So\u0142once, w ramach imprezy pod bardzo apetyczn\u0105 nazw\u0105 \u2013 <em>Malinowe \u015awi\u0119to<\/em>, wyst\u0105pi Duet Karo.<\/p>\n\n\n\n<figure class=\"wp-block-embed is-type-video is-provider-youtube wp-block-embed-youtube wp-embed-aspect-16-9 wp-has-aspect-ratio\"><div class=\"wp-block-embed__wrapper\">\n<iframe loading=\"lazy\" title=\"Duet Karo - Pokochaj mnie\" width=\"990\" height=\"557\" src=\"https:\/\/www.youtube.com\/embed\/LOt_PMJrx_M?feature=oembed\" frameborder=\"0\" allow=\"accelerometer; autoplay; clipboard-write; encrypted-media; gyroscope; picture-in-picture\" allowfullscreen><\/iframe>\n<\/div><\/figure>\n","protected":false},"excerpt":{"rendered":"<p>Hmm, za nami ju\u017c kilka dni wakacji. Kumulacja dni miast i gmin za nami, nie oznacza to jednak ko\u0144ca koncert\u00f3w &hellip; <a href=\"https:\/\/boxmusic.com.pl\/index.php\/2022\/06\/28\/gdzie-spotkac-naszych-artystow-na-koncertach\/\" class=\"more-link\"><span class=\"more-button\">Czytaj dalej<span class=\"screen-reader-text\">Gdzie spotka\u0107 naszych Artyst\u00f3w na koncertach?<\/span><\/span><\/a><\/p>\n","protected":false},"author":3,"featured_media":106,"comment_status":"closed","ping_status":"closed","sticky":false,"template":"","format":"standard","meta":{"footnotes":""},"categories":[3],"tags":[],"class_list":["post-1958","post","type-post","status-publish","format-standard","has-post-thumbnail","hentry","category-informacje"],"_links":{"self":[{"href":"https:\/\/boxmusic.com.pl\/index.php\/wp-json\/wp\/v2\/posts\/1958","targetHints":{"allow":["GET"]}}],"collection":[{"href":"https:\/\/boxmusic.com.pl\/index.php\/wp-json\/wp\/v2\/posts"}],"about":[{"href":"https:\/\/boxmusic.com.pl\/index.php\/wp-json\/wp\/v2\/types\/post"}],"author":[{"embeddable":true,"href":"https:\/\/boxmusic.com.pl\/index.php\/wp-json\/wp\/v2\/users\/3"}],"replies":[{"embeddable":true,"href":"https:\/\/boxmusic.com.pl\/index.php\/wp-json\/wp\/v2\/comments?post=1958"}],"version-history":[{"count":1,"href":"https:\/\/boxmusic.com.pl\/index.php\/wp-json\/wp\/v2\/posts\/1958\/revisions"}],"predecessor-version":[{"id":1959,"href":"https:\/\/boxmusic.com.pl\/index.php\/wp-json\/wp\/v2\/posts\/1958\/revisions\/1959"}],"wp:featuredmedia":[{"embeddable":true,"href":"https:\/\/boxmusic.com.pl\/index.php\/wp-json\/wp\/v2\/media\/106"}],"wp:attachment":[{"href":"https:\/\/boxmusic.com.pl\/index.php\/wp-json\/wp\/v2\/media?parent=1958"}],"wp:term":[{"taxonomy":"category","embeddable":true,"href":"https:\/\/boxmusic.com.pl\/index.php\/wp-json\/wp\/v2\/categories?post=1958"},{"taxonomy":"post_tag","embeddable":true,"href":"https:\/\/boxmusic.com.pl\/index.php\/wp-json\/wp\/v2\/tags?post=1958"}],"curies":[{"name":"wp","href":"https:\/\/api.w.org\/{rel}","templated":true}]}}