{"id":2022,"date":"2022-08-18T01:48:00","date_gmt":"2022-08-17T23:48:00","guid":{"rendered":"https:\/\/boxmusic.com.pl\/?p=2022"},"modified":"2024-11-07T07:03:37","modified_gmt":"2024-11-07T06:03:37","slug":"gdzie-spotkac-nasze-gwiazdy-na-zywo-5","status":"publish","type":"post","link":"https:\/\/boxmusic.com.pl\/index.php\/2022\/08\/18\/gdzie-spotkac-nasze-gwiazdy-na-zywo-5\/","title":{"rendered":"Gdzie spotka\u0107 nasze Gwiazdy na \u017cywo?"},"content":{"rendered":"\n<p><strong>Lato w pe\u0142ni, tym samym sezon koncert\u00f3w plenerowych trwa w najlepsze. Po raz kolejny sprawdzamy dla Was, gdzie w najbli\u017cszym czasie b\u0119dziecie mieli okazj\u0119 spotka\u0107 nasze zaprzyja\u017anione Gwiazdy podczas koncert\u00f3w\u2026<\/strong><\/p>\n\n\n\n<p>W sobot\u0119 20 sierpnia w Kr\u0119pnej podczas Festynu sw\u00f3j koncert zaprezentuje m.in. Duet Karo.<\/p>\n\n\n\n<figure class=\"wp-block-embed is-type-video is-provider-youtube wp-block-embed-youtube wp-embed-aspect-16-9 wp-has-aspect-ratio\"><div class=\"wp-block-embed__wrapper\">\n<iframe loading=\"lazy\" title=\"Duet Karo - Jo i Ty\" width=\"990\" height=\"557\" src=\"https:\/\/www.youtube.com\/embed\/0gP9ztLaeZQ?feature=oembed\" frameborder=\"0\" allow=\"accelerometer; autoplay; clipboard-write; encrypted-media; gyroscope; picture-in-picture\" allowfullscreen><\/iframe>\n<\/div><\/figure>\n\n\n\n<p>21 sierpnia w Ko\u015bmidrach (nieopodal Lubli\u0144ca), w ramach \u015awi\u0119ta Miodu sw\u00f3j koncert zaprezentuje m.in. Bernadeta Kowalska i Przyjaciele. Tego samego dnia w Andrzejewie nadarzy si\u0119 okazja do kolejnego spotkania z Duetem Karo.<\/p>\n\n\n\n<figure class=\"wp-block-embed is-type-video is-provider-youtube wp-block-embed-youtube wp-embed-aspect-16-9 wp-has-aspect-ratio\"><div class=\"wp-block-embed__wrapper\">\n<iframe loading=\"lazy\" title=\"Bernadeta Kowalska i Przyjaciele - \u017bycie to taka gra\" width=\"990\" height=\"557\" src=\"https:\/\/www.youtube.com\/embed\/ryad-1pTrB4?feature=oembed\" frameborder=\"0\" allow=\"accelerometer; autoplay; clipboard-write; encrypted-media; gyroscope; picture-in-picture\" allowfullscreen><\/iframe>\n<\/div><\/figure>\n\n\n\n<p>R\u00f3wnie\u017c 21 sierpnia b\u0119dziecie mieli okazje (i to a\u017c dwie) do spotkania z Damianem Holeckim. Artysta najpierw wyst\u0105pi z koncertem w Chybiu (o godzinie 15:00), a nast\u0119pnie b\u0119dzie jedn\u0105 z Gwiazd s\u0142ynnej Letniej Trasy Dw\u00f3jki, kt\u00f3ra tym razem zawita do Zabrza.<\/p>\n\n\n\n<figure class=\"wp-block-embed is-type-video is-provider-youtube wp-block-embed-youtube wp-embed-aspect-16-9 wp-has-aspect-ratio\"><div class=\"wp-block-embed__wrapper\">\n<iframe loading=\"lazy\" title=\"Damian Holecki - Jeste\u015b Anio\u0142em moim  (koncert)\" width=\"990\" height=\"557\" src=\"https:\/\/www.youtube.com\/embed\/UeFocjj6AWE?feature=oembed\" frameborder=\"0\" allow=\"accelerometer; autoplay; clipboard-write; encrypted-media; gyroscope; picture-in-picture\" allowfullscreen><\/iframe>\n<\/div><\/figure>\n","protected":false},"excerpt":{"rendered":"<p>Lato w pe\u0142ni, tym samym sezon koncert\u00f3w plenerowych trwa w najlepsze. Po raz kolejny sprawdzamy dla Was, gdzie w najbli\u017cszym &hellip; <a href=\"https:\/\/boxmusic.com.pl\/index.php\/2022\/08\/18\/gdzie-spotkac-nasze-gwiazdy-na-zywo-5\/\" class=\"more-link\"><span class=\"more-button\">Czytaj dalej<span class=\"screen-reader-text\">Gdzie spotka\u0107 nasze Gwiazdy na \u017cywo?<\/span><\/span><\/a><\/p>\n","protected":false},"author":3,"featured_media":1974,"comment_status":"closed","ping_status":"closed","sticky":false,"template":"","format":"standard","meta":{"footnotes":""},"categories":[3],"tags":[],"class_list":["post-2022","post","type-post","status-publish","format-standard","has-post-thumbnail","hentry","category-informacje"],"_links":{"self":[{"href":"https:\/\/boxmusic.com.pl\/index.php\/wp-json\/wp\/v2\/posts\/2022","targetHints":{"allow":["GET"]}}],"collection":[{"href":"https:\/\/boxmusic.com.pl\/index.php\/wp-json\/wp\/v2\/posts"}],"about":[{"href":"https:\/\/boxmusic.com.pl\/index.php\/wp-json\/wp\/v2\/types\/post"}],"author":[{"embeddable":true,"href":"https:\/\/boxmusic.com.pl\/index.php\/wp-json\/wp\/v2\/users\/3"}],"replies":[{"embeddable":true,"href":"https:\/\/boxmusic.com.pl\/index.php\/wp-json\/wp\/v2\/comments?post=2022"}],"version-history":[{"count":1,"href":"https:\/\/boxmusic.com.pl\/index.php\/wp-json\/wp\/v2\/posts\/2022\/revisions"}],"predecessor-version":[{"id":2023,"href":"https:\/\/boxmusic.com.pl\/index.php\/wp-json\/wp\/v2\/posts\/2022\/revisions\/2023"}],"wp:featuredmedia":[{"embeddable":true,"href":"https:\/\/boxmusic.com.pl\/index.php\/wp-json\/wp\/v2\/media\/1974"}],"wp:attachment":[{"href":"https:\/\/boxmusic.com.pl\/index.php\/wp-json\/wp\/v2\/media?parent=2022"}],"wp:term":[{"taxonomy":"category","embeddable":true,"href":"https:\/\/boxmusic.com.pl\/index.php\/wp-json\/wp\/v2\/categories?post=2022"},{"taxonomy":"post_tag","embeddable":true,"href":"https:\/\/boxmusic.com.pl\/index.php\/wp-json\/wp\/v2\/tags?post=2022"}],"curies":[{"name":"wp","href":"https:\/\/api.w.org\/{rel}","templated":true}]}}