{"id":2095,"date":"2022-10-19T04:34:00","date_gmt":"2022-10-19T02:34:00","guid":{"rendered":"https:\/\/boxmusic.com.pl\/?p=2095"},"modified":"2024-11-07T07:03:29","modified_gmt":"2024-11-07T06:03:29","slug":"slodko-gorzkie-szkolne-wspomnienia","status":"publish","type":"post","link":"https:\/\/boxmusic.com.pl\/index.php\/2022\/10\/19\/slodko-gorzkie-szkolne-wspomnienia\/","title":{"rendered":"S\u0142odko-gorzkie szkolne wspomnienia"},"content":{"rendered":"\n<p><strong>Hmm \u2013 zabawne jak nasze spojrzenie na \u015bwiat zmienia si\u0119 wraz z wiekiem. Jak to mawiaj\u0105, punkt widzenia zale\u017cy od punktu siedzenia. Tak chyba jest te\u017c z naszymi szkolnymi wspomnieniami\u2026<\/strong><\/p>\n\n\n\n<p>Kiedy chodzili\u015bmy do szko\u0142y, dla zdecydowanej wi\u0119kszo\u015bci z nas najwi\u0119kszym marzeniem by\u0142o jej uko\u0144czenie \u2013 i to chyba niekoniecznie ze wzgl\u0119du na ambicje i d\u0105\u017cenie do wiedzy, ale po prostu, bo jako\u015b tak mieli\u015bmy szko\u0142y serdecznie dosy\u0107. Jako doro\u015bli, nagle zaczynamy wspomina\u0107 szko\u0142\u0119 z sentymentem\u2026 Czy rzeczywi\u015bcie by\u0142o wtedy \u0142atwiej? Mo\u017ce, ale niekoniecznie \u2013 chyba raczej chodzi o to, \u017ce z perspektywy czasu pami\u0119tamy to, co by\u0142o dla nas mi\u0142e\u2026 Nie inaczej jest w piosenkach i teledyskach naszych Artyst\u00f3w.<\/p>\n\n\n\n<figure class=\"wp-block-embed is-type-video is-provider-youtube wp-block-embed-youtube wp-embed-aspect-16-9 wp-has-aspect-ratio\"><div class=\"wp-block-embed__wrapper\">\n<iframe loading=\"lazy\" title=\"J\u0119drowski Miros\u0142aw - Nasza klasa S\" width=\"990\" height=\"557\" src=\"https:\/\/www.youtube.com\/embed\/wv-wwZUcZig?feature=oembed\" frameborder=\"0\" allow=\"accelerometer; autoplay; clipboard-write; encrypted-media; gyroscope; picture-in-picture\" allowfullscreen><\/iframe>\n<\/div><\/figure>\n\n\n\n<p>Co ciekawe, takie piosenki momentalnie staj\u0105 si\u0119 hitami i podbijaj\u0105 nasze serca \u2013 wspomnie\u0107 mo\u017cemy tu trzy przyk\u0142ady (a sk\u0105din\u0105d bardzo fajne propozycje muzyczne) \u2013 megahicior Miros\u0142awa J\u0119drowskiego \u2013 <em>Nasza Klasa S <\/em>(czyli barwna relacja ze spotkania klasowego po latach), Piosenka dla naszej Klasy Zespo\u0142u Ed\u2019Mans \u2013 c\u00f3\u017c, tu jest sentymentalnie, ale te\u017c ju\u017c s\u0142odko-gorzko\u2026 tak jak w \u017cyciu. Do tego dorzu\u0107my pi\u0119kn\u0105 i bardzo sentymentaln\u0105 propozycj\u0119 Bernadety Kowalskiej i Grzegorza Poloczka \u2013 <em>Tamte chwile<\/em>. Tu te\u017c, podobnie jak w naszej \u015bwiadomo\u015bci \u2013 wspominamy tylko te dobre chwile (i ca\u0142e szcz\u0119\u015bcie).<\/p>\n\n\n\n<figure class=\"wp-block-embed is-type-video is-provider-youtube wp-block-embed-youtube wp-embed-aspect-16-9 wp-has-aspect-ratio\"><div class=\"wp-block-embed__wrapper\">\n<iframe loading=\"lazy\" title=\"Ed&#039;Mans - Piosenka dla naszej klasy\" width=\"990\" height=\"557\" src=\"https:\/\/www.youtube.com\/embed\/aEF9DjtELIM?feature=oembed\" frameborder=\"0\" allow=\"accelerometer; autoplay; clipboard-write; encrypted-media; gyroscope; picture-in-picture\" allowfullscreen><\/iframe>\n<\/div><\/figure>\n\n\n\n<figure class=\"wp-block-embed is-type-video is-provider-youtube wp-block-embed-youtube wp-embed-aspect-16-9 wp-has-aspect-ratio\"><div class=\"wp-block-embed__wrapper\">\n<iframe loading=\"lazy\" title=\"Bernadeta Kowalska, Grzegorz Poloczek - Tamte chwile - Szlagierowo.pl\" width=\"990\" height=\"557\" src=\"https:\/\/www.youtube.com\/embed\/RlKpF5p6Eoc?feature=oembed\" frameborder=\"0\" allow=\"accelerometer; autoplay; clipboard-write; encrypted-media; gyroscope; picture-in-picture\" allowfullscreen><\/iframe>\n<\/div><\/figure>\n","protected":false},"excerpt":{"rendered":"<p>Hmm \u2013 zabawne jak nasze spojrzenie na \u015bwiat zmienia si\u0119 wraz z wiekiem. Jak to mawiaj\u0105, punkt widzenia zale\u017cy od &hellip; <a href=\"https:\/\/boxmusic.com.pl\/index.php\/2022\/10\/19\/slodko-gorzkie-szkolne-wspomnienia\/\" class=\"more-link\"><span class=\"more-button\">Czytaj dalej<span class=\"screen-reader-text\">S\u0142odko-gorzkie szkolne wspomnienia<\/span><\/span><\/a><\/p>\n","protected":false},"author":3,"featured_media":1816,"comment_status":"closed","ping_status":"closed","sticky":false,"template":"","format":"standard","meta":{"footnotes":""},"categories":[3],"tags":[],"class_list":["post-2095","post","type-post","status-publish","format-standard","has-post-thumbnail","hentry","category-informacje"],"_links":{"self":[{"href":"https:\/\/boxmusic.com.pl\/index.php\/wp-json\/wp\/v2\/posts\/2095","targetHints":{"allow":["GET"]}}],"collection":[{"href":"https:\/\/boxmusic.com.pl\/index.php\/wp-json\/wp\/v2\/posts"}],"about":[{"href":"https:\/\/boxmusic.com.pl\/index.php\/wp-json\/wp\/v2\/types\/post"}],"author":[{"embeddable":true,"href":"https:\/\/boxmusic.com.pl\/index.php\/wp-json\/wp\/v2\/users\/3"}],"replies":[{"embeddable":true,"href":"https:\/\/boxmusic.com.pl\/index.php\/wp-json\/wp\/v2\/comments?post=2095"}],"version-history":[{"count":1,"href":"https:\/\/boxmusic.com.pl\/index.php\/wp-json\/wp\/v2\/posts\/2095\/revisions"}],"predecessor-version":[{"id":2096,"href":"https:\/\/boxmusic.com.pl\/index.php\/wp-json\/wp\/v2\/posts\/2095\/revisions\/2096"}],"wp:featuredmedia":[{"embeddable":true,"href":"https:\/\/boxmusic.com.pl\/index.php\/wp-json\/wp\/v2\/media\/1816"}],"wp:attachment":[{"href":"https:\/\/boxmusic.com.pl\/index.php\/wp-json\/wp\/v2\/media?parent=2095"}],"wp:term":[{"taxonomy":"category","embeddable":true,"href":"https:\/\/boxmusic.com.pl\/index.php\/wp-json\/wp\/v2\/categories?post=2095"},{"taxonomy":"post_tag","embeddable":true,"href":"https:\/\/boxmusic.com.pl\/index.php\/wp-json\/wp\/v2\/tags?post=2095"}],"curies":[{"name":"wp","href":"https:\/\/api.w.org\/{rel}","templated":true}]}}