{"id":2116,"date":"2022-10-27T01:05:00","date_gmt":"2022-10-26T23:05:00","guid":{"rendered":"https:\/\/boxmusic.com.pl\/?p=2116"},"modified":"2024-11-07T07:03:30","modified_gmt":"2024-11-07T06:03:30","slug":"wspominamy-jerzy-macola","status":"publish","type":"post","link":"https:\/\/boxmusic.com.pl\/index.php\/2022\/10\/27\/wspominamy-jerzy-macola\/","title":{"rendered":"Wspominamy &#8211; Jerzy Maco\u0142a"},"content":{"rendered":"\n<p><strong>W ten refleksyjny czas wspominamy tych, kt\u00f3rych ju\u017c nie ma z nami. Niespe\u0142na rok temu \u2013 3 listopada 2021 roku \u2013 zmar\u0142 Jerzy Maco\u0142a. Muzyk, Kompozytor, Wokalista, Aran\u017cer, znany z Zespo\u0142u Bernadety Kowalskiej.<\/strong><\/p>\n\n\n\n<figure class=\"wp-block-image size-full\"><img loading=\"lazy\" decoding=\"async\" width=\"582\" height=\"865\" src=\"https:\/\/boxmusic.com.pl\/wp-content\/uploads\/2021\/11\/Jerzy-Macola.jpg\" alt=\"\" class=\"wp-image-1560\" srcset=\"https:\/\/boxmusic.com.pl\/wp-content\/uploads\/2021\/11\/Jerzy-Macola.jpg 582w, https:\/\/boxmusic.com.pl\/wp-content\/uploads\/2021\/11\/Jerzy-Macola-202x300.jpg 202w, https:\/\/boxmusic.com.pl\/wp-content\/uploads\/2021\/11\/Jerzy-Macola-444x660.jpg 444w, https:\/\/boxmusic.com.pl\/wp-content\/uploads\/2021\/11\/Jerzy-Macola-16x24.jpg 16w, https:\/\/boxmusic.com.pl\/wp-content\/uploads\/2021\/11\/Jerzy-Macola-24x36.jpg 24w, https:\/\/boxmusic.com.pl\/wp-content\/uploads\/2021\/11\/Jerzy-Macola-32x48.jpg 32w\" sizes=\"auto, (max-width: 582px) 100vw, 582px\" \/><\/figure>\n\n\n\n<p>Ostatnie dwa-trzy lata s\u0105 wyj\u0105tkowo trudne dla wielu z nas, ale te\u017c dla bran\u017cy muzycznej. Odesz\u0142o wielu utalentowanych Muzyk\u00f3w, Artyst\u00f3w i Producent\u00f3w. Niespe\u0142na rok temu nagle zmar\u0142 Jerzy Maco\u0142a \u2013 popularny i bardzo lubiany Muzyk, Kompozytor, Aran\u017cer, Instrumentalista, Wokalista, w ostatnich latach kojarzony z Zespo\u0142em Bernadety Kowalskiej, b\u0119d\u0105cy jednak Kompozytorem i\/ lub Aran\u017cerem przeboj\u00f3w sporej grupy Artyst\u00f3w \u015al\u0105skiej Sceny (jak Karpowicz Family, Mirek Szo\u0142tysek, Damian Holecki, NasTroje, Weso\u0142a Biesiada, For You \u2013 kt\u00f3rego by\u0142 wieloletnim Cz\u0142onkiem), jak te\u017c Polskiej Sceny (jak Stachursky, I&amp;I, Monika Borys, Grupa Orange). Ze \u015al\u0105sk\u0105 Scen\u0105 zwi\u0105za\u0142 si\u0119 od pocz\u0105tku lat 90\u2019 i sta\u0142 si\u0119 jednym z Jej filar\u00f3w. By\u0142 Za\u0142o\u017cycielem lub Wsp\u00f3\u0142za\u0142o\u017cycielem takich Zespo\u0142\u00f3w, jak For You czy Duo For You. W latach 80\u2019 jednak zwi\u0105zany by\u0142 zupe\u0142nie z innymi nurtami \u2013 przez wiele lat by\u0142 Instrumentalist\u0105 w Zespole legendarnej Gaygi.<\/p>\n\n\n\n<figure class=\"wp-block-embed is-type-video is-provider-youtube wp-block-embed-youtube wp-embed-aspect-16-9 wp-has-aspect-ratio\"><div class=\"wp-block-embed__wrapper\">\n<iframe loading=\"lazy\" title=\"Bernadeta Kowalska - Pi\u0119kne kwiaty, dobre s\u0142owa (official video)\" width=\"990\" height=\"557\" src=\"https:\/\/www.youtube.com\/embed\/UQrmQOF642o?feature=oembed\" frameborder=\"0\" allow=\"accelerometer; autoplay; clipboard-write; encrypted-media; gyroscope; picture-in-picture\" allowfullscreen><\/iframe>\n<\/div><\/figure>\n\n\n\n<p>Cho\u0107 muzyka by\u0142a pasja Jurka ju\u017c od dzieci\u0144stwa, studiowa\u0142 chemi\u0119. Dopiero po pewnym czasie u\u015bwiadomi\u0142 sobie, \u017ce najwi\u0119ksz\u0105 pasj\u0105 Jego \u017cycia jest muzyka \u2013 kt\u00f3rej po\u015bwi\u0119ci\u0142 si\u0119 zawodowo.<\/p>\n\n\n\n<figure class=\"wp-block-embed is-type-video is-provider-youtube wp-block-embed-youtube wp-embed-aspect-4-3 wp-has-aspect-ratio\"><div class=\"wp-block-embed__wrapper\">\n<iframe loading=\"lazy\" title=\"Bernadeta Kowalska i Przyjaciele - W \u017cyciu jak w piosence (NOWO\u015aC 2017)\" width=\"990\" height=\"743\" src=\"https:\/\/www.youtube.com\/embed\/4Ripf6hv8r8?feature=oembed\" frameborder=\"0\" allow=\"accelerometer; autoplay; clipboard-write; encrypted-media; gyroscope; picture-in-picture\" allowfullscreen><\/iframe>\n<\/div><\/figure>\n","protected":false},"excerpt":{"rendered":"<p>W ten refleksyjny czas wspominamy tych, kt\u00f3rych ju\u017c nie ma z nami. Niespe\u0142na rok temu \u2013 3 listopada 2021 roku &hellip; <a href=\"https:\/\/boxmusic.com.pl\/index.php\/2022\/10\/27\/wspominamy-jerzy-macola\/\" class=\"more-link\"><span class=\"more-button\">Czytaj dalej<span class=\"screen-reader-text\">Wspominamy &#8211; Jerzy Maco\u0142a<\/span><\/span><\/a><\/p>\n","protected":false},"author":3,"featured_media":1560,"comment_status":"closed","ping_status":"closed","sticky":false,"template":"","format":"standard","meta":{"footnotes":""},"categories":[3],"tags":[],"class_list":["post-2116","post","type-post","status-publish","format-standard","has-post-thumbnail","hentry","category-informacje"],"_links":{"self":[{"href":"https:\/\/boxmusic.com.pl\/index.php\/wp-json\/wp\/v2\/posts\/2116","targetHints":{"allow":["GET"]}}],"collection":[{"href":"https:\/\/boxmusic.com.pl\/index.php\/wp-json\/wp\/v2\/posts"}],"about":[{"href":"https:\/\/boxmusic.com.pl\/index.php\/wp-json\/wp\/v2\/types\/post"}],"author":[{"embeddable":true,"href":"https:\/\/boxmusic.com.pl\/index.php\/wp-json\/wp\/v2\/users\/3"}],"replies":[{"embeddable":true,"href":"https:\/\/boxmusic.com.pl\/index.php\/wp-json\/wp\/v2\/comments?post=2116"}],"version-history":[{"count":1,"href":"https:\/\/boxmusic.com.pl\/index.php\/wp-json\/wp\/v2\/posts\/2116\/revisions"}],"predecessor-version":[{"id":2117,"href":"https:\/\/boxmusic.com.pl\/index.php\/wp-json\/wp\/v2\/posts\/2116\/revisions\/2117"}],"wp:featuredmedia":[{"embeddable":true,"href":"https:\/\/boxmusic.com.pl\/index.php\/wp-json\/wp\/v2\/media\/1560"}],"wp:attachment":[{"href":"https:\/\/boxmusic.com.pl\/index.php\/wp-json\/wp\/v2\/media?parent=2116"}],"wp:term":[{"taxonomy":"category","embeddable":true,"href":"https:\/\/boxmusic.com.pl\/index.php\/wp-json\/wp\/v2\/categories?post=2116"},{"taxonomy":"post_tag","embeddable":true,"href":"https:\/\/boxmusic.com.pl\/index.php\/wp-json\/wp\/v2\/tags?post=2116"}],"curies":[{"name":"wp","href":"https:\/\/api.w.org\/{rel}","templated":true}]}}