{"id":2149,"date":"2022-11-17T04:49:30","date_gmt":"2022-11-17T03:49:30","guid":{"rendered":"https:\/\/boxmusic.com.pl\/?p=2149"},"modified":"2024-11-07T07:03:31","modified_gmt":"2024-11-07T06:03:31","slug":"zaprzyjaznieni-artysci-na-emigracji","status":"publish","type":"post","link":"https:\/\/boxmusic.com.pl\/index.php\/2022\/11\/17\/zaprzyjaznieni-artysci-na-emigracji\/","title":{"rendered":"Zaprzyja\u017anieni Arty\u015bci na emigracji&#8230;"},"content":{"rendered":"\n<p>Star\u0105 prawd\u0105 jest, \u017ce cz\u0119sto to, co mamy jest przez nas niedoceniane. Prawda dotyczy te\u017c naszej Ojczyzny \u2013 o czym najlepiej wiedz\u0105 Osoby, kt\u00f3re z jakiej\u015b przyczyny zamieszka\u0142y poza Polsk\u0105. Tak si\u0119 sk\u0142ada, \u017ce wielu spo\u015br\u00f3d naszych zaprzyja\u017anionych Artyst\u00f3w mieszka poza Polsk\u0105 \u2013 g\u0142\u00f3wnie w Niemczech\u2026<\/p>\n\n\n\n<p>Popularny Duet Andy &amp; Lucia od pocz\u0105tku lat 90\u2019 mieszka za nasz\u0105 Zachodni\u0105 Granic\u0105. Andrzej i Lucyna ch\u0119tnie jednak przyje\u017cd\u017caj\u0105 do Polski, a przywi\u0105zanie do niej oraz do rodzinnego \u015al\u0105ska podkre\u015blaj\u0105 w piosenkach.<\/p>\n\n\n\n<figure class=\"wp-block-embed is-type-video is-provider-youtube wp-block-embed-youtube wp-embed-aspect-16-9 wp-has-aspect-ratio\"><div class=\"wp-block-embed__wrapper\">\n<iframe loading=\"lazy\" title=\"Andy &amp; Lucia - Chca pokoza\u0107 Wom heimat\" width=\"990\" height=\"557\" src=\"https:\/\/www.youtube.com\/embed\/P0aPN9y9sYg?feature=oembed\" frameborder=\"0\" allow=\"accelerometer; autoplay; clipboard-write; encrypted-media; gyroscope; picture-in-picture\" allowfullscreen><\/iframe>\n<\/div><\/figure>\n\n\n\n<p>W Niemczech od ponad 3 dekad mieszka r\u00f3wnie\u017c Stach. Artysta jednak cz\u0119sto zagl\u0105da do Polski, gdzie mieszka wielu Jego Krewnych i Przyjaci\u00f3\u0142. R\u00f3wnie\u017c w Niemczech, niejako po s\u0105siedzku, mieszka Chris Oxforduo \u2013 popularny Wokalista wyjecha\u0142 z Ojczyzny u progu doros\u0142o\u015bci. Ch\u0119tnie jednak wpada do Polski, szczeg\u00f3lnie do rodzinnych Tych\u00f3w.<\/p>\n\n\n\n<figure class=\"wp-block-embed is-type-video is-provider-youtube wp-block-embed-youtube wp-embed-aspect-16-9 wp-has-aspect-ratio\"><div class=\"wp-block-embed__wrapper\">\n<iframe loading=\"lazy\" title=\"Stach - \u015alonsku m\u00f3j kochany\" width=\"990\" height=\"557\" src=\"https:\/\/www.youtube.com\/embed\/X1nYXyr9GkA?feature=oembed\" frameborder=\"0\" allow=\"accelerometer; autoplay; clipboard-write; encrypted-media; gyroscope; picture-in-picture\" allowfullscreen><\/iframe>\n<\/div><\/figure>\n\n\n\n<figure class=\"wp-block-embed is-type-video is-provider-youtube wp-block-embed-youtube wp-embed-aspect-16-9 wp-has-aspect-ratio\"><div class=\"wp-block-embed__wrapper\">\n<iframe loading=\"lazy\" title=\"Chris OXFORDUO - Ojczysta ziemia to chleb i s\u00f3l\" width=\"990\" height=\"557\" src=\"https:\/\/www.youtube.com\/embed\/oFQSaqhoCpg?feature=oembed\" frameborder=\"0\" allow=\"accelerometer; autoplay; clipboard-write; encrypted-media; gyroscope; picture-in-picture\" allowfullscreen><\/iframe>\n<\/div><\/figure>\n\n\n\n<p>Od dziecka w Niemczech mieszka te\u017c wszechstronnie utalentowana Artystka \u2013 Frela Blue. Jak sama podkre\u015bla, kocha zar\u00f3wno Polsk\u0119, jak te\u017c Niemcy, w kt\u00f3rych sp\u0119dzi\u0142a wi\u0119kszo\u015b\u0107 \u017cycia.<\/p>\n\n\n\n<figure class=\"wp-block-embed is-type-video is-provider-youtube wp-block-embed-youtube wp-embed-aspect-16-9 wp-has-aspect-ratio\"><div class=\"wp-block-embed__wrapper\">\n<iframe loading=\"lazy\" title=\"Frela Blue - Wracom nazot (official video)\" width=\"990\" height=\"557\" src=\"https:\/\/www.youtube.com\/embed\/utIaH0TSSY8?feature=oembed\" frameborder=\"0\" allow=\"accelerometer; autoplay; clipboard-write; encrypted-media; gyroscope; picture-in-picture\" allowfullscreen><\/iframe>\n<\/div><\/figure>\n\n\n\n<p>Kolejnym zaprzyja\u017anionym z nami Artyst\u0105, mieszkaj\u0105cym w Niemczech, jest Tim Fabian. Popularny Artysta wraz z Rodzicami i Siostr\u0105 wyjecha\u0142 za nasz\u0105 Zachodni\u0105 Granic\u0119 ju\u017c jako Dziecko, niemniej ch\u0119tnie odwiedza Krewnych w Polsce.<\/p>\n\n\n\n<figure class=\"wp-block-embed is-type-video is-provider-youtube wp-block-embed-youtube wp-embed-aspect-16-9 wp-has-aspect-ratio\"><div class=\"wp-block-embed__wrapper\">\n<iframe loading=\"lazy\" title=\"Tim Fabian - Aniele m\u00f3j\" width=\"990\" height=\"557\" src=\"https:\/\/www.youtube.com\/embed\/7YjoBJqihWE?feature=oembed\" frameborder=\"0\" allow=\"accelerometer; autoplay; clipboard-write; encrypted-media; gyroscope; picture-in-picture\" allowfullscreen><\/iframe>\n<\/div><\/figure>\n","protected":false},"excerpt":{"rendered":"<p>Star\u0105 prawd\u0105 jest, \u017ce cz\u0119sto to, co mamy jest przez nas niedoceniane. Prawda dotyczy te\u017c naszej Ojczyzny \u2013 o czym &hellip; <a href=\"https:\/\/boxmusic.com.pl\/index.php\/2022\/11\/17\/zaprzyjaznieni-artysci-na-emigracji\/\" class=\"more-link\"><span class=\"more-button\">Czytaj dalej<span class=\"screen-reader-text\">Zaprzyja\u017anieni Arty\u015bci na emigracji&#8230;<\/span><\/span><\/a><\/p>\n","protected":false},"author":3,"featured_media":236,"comment_status":"closed","ping_status":"closed","sticky":false,"template":"","format":"standard","meta":{"footnotes":""},"categories":[3],"tags":[],"class_list":["post-2149","post","type-post","status-publish","format-standard","has-post-thumbnail","hentry","category-informacje"],"_links":{"self":[{"href":"https:\/\/boxmusic.com.pl\/index.php\/wp-json\/wp\/v2\/posts\/2149","targetHints":{"allow":["GET"]}}],"collection":[{"href":"https:\/\/boxmusic.com.pl\/index.php\/wp-json\/wp\/v2\/posts"}],"about":[{"href":"https:\/\/boxmusic.com.pl\/index.php\/wp-json\/wp\/v2\/types\/post"}],"author":[{"embeddable":true,"href":"https:\/\/boxmusic.com.pl\/index.php\/wp-json\/wp\/v2\/users\/3"}],"replies":[{"embeddable":true,"href":"https:\/\/boxmusic.com.pl\/index.php\/wp-json\/wp\/v2\/comments?post=2149"}],"version-history":[{"count":1,"href":"https:\/\/boxmusic.com.pl\/index.php\/wp-json\/wp\/v2\/posts\/2149\/revisions"}],"predecessor-version":[{"id":2150,"href":"https:\/\/boxmusic.com.pl\/index.php\/wp-json\/wp\/v2\/posts\/2149\/revisions\/2150"}],"wp:featuredmedia":[{"embeddable":true,"href":"https:\/\/boxmusic.com.pl\/index.php\/wp-json\/wp\/v2\/media\/236"}],"wp:attachment":[{"href":"https:\/\/boxmusic.com.pl\/index.php\/wp-json\/wp\/v2\/media?parent=2149"}],"wp:term":[{"taxonomy":"category","embeddable":true,"href":"https:\/\/boxmusic.com.pl\/index.php\/wp-json\/wp\/v2\/categories?post=2149"},{"taxonomy":"post_tag","embeddable":true,"href":"https:\/\/boxmusic.com.pl\/index.php\/wp-json\/wp\/v2\/tags?post=2149"}],"curies":[{"name":"wp","href":"https:\/\/api.w.org\/{rel}","templated":true}]}}