{"id":2229,"date":"2023-01-18T05:39:34","date_gmt":"2023-01-18T04:39:34","guid":{"rendered":"https:\/\/boxmusic.com.pl\/?p=2229"},"modified":"2024-11-07T07:03:35","modified_gmt":"2024-11-07T06:03:35","slug":"wzruszajace-piosenki-na-dzien-babci-i-dzien-dziadka","status":"publish","type":"post","link":"https:\/\/boxmusic.com.pl\/index.php\/2023\/01\/18\/wzruszajace-piosenki-na-dzien-babci-i-dzien-dziadka\/","title":{"rendered":"Wzruszaj\u0105ce piosenki na Dzie\u0144 Babci i Dzie\u0144 Dziadka"},"content":{"rendered":"<div class=\"wp-block-image\">\n<figure class=\"aligncenter size-full is-resized\"><img loading=\"lazy\" decoding=\"async\" src=\"https:\/\/boxmusic.com.pl\/wp-content\/uploads\/2023\/01\/kapela-ze-slaska.jpg\" alt=\"\" class=\"wp-image-2230\" width=\"310\" height=\"307\"\/><\/figure>\n<\/div>\n\n\n<p>W poprzednim artykule przypomnieli\u015bmy najbardziej szalone propozycje o babci i dziadku, niemniej na naszych kana\u0142ach nie brak te\u017c nieco bardziej konwencjonalnych utwor\u00f3w \u2013 kt\u00f3re chyba bezpiecznie mo\u017cemy do\u0142\u0105czy\u0107 np. do \u017cycze\u0144 dla Bab\u0107 i Dziadk\u00f3w\u2026<\/p>\n\n\n\n<p>Bardzo sympatyczn\u0105, troszk\u0119 nostalgiczn\u0105, ale zarazem jednak pogodn\u0105 propozycj\u0119 opowiadaj\u0105c\u0105 o Dziadku ma na koncie Tim Fabian \u2013 mowa o piosence <em>Starzyk mi godo\u0142<\/em>. Melodyjna piosenka, maj\u0105ca w sobie sporo \u017cyciowej m\u0105dro\u015bci pochodzi z pierwszej p\u0142yty Tima Fabiana.<\/p>\n\n\n\n<figure class=\"wp-block-embed is-type-video is-provider-youtube wp-block-embed-youtube wp-embed-aspect-16-9 wp-has-aspect-ratio\"><div class=\"wp-block-embed__wrapper\">\n<iframe loading=\"lazy\" title=\"Tim Fabian - Starzyk Mi Godo\u0142\" width=\"990\" height=\"557\" src=\"https:\/\/www.youtube.com\/embed\/FDDoRSS2GEU?feature=oembed\" frameborder=\"0\" allow=\"accelerometer; autoplay; clipboard-write; encrypted-media; gyroscope; picture-in-picture; web-share\" allowfullscreen><\/iframe>\n<\/div><\/figure>\n\n\n\n<p>\u017beby nie by\u0142o, dla r\u00f3wnowagi mamy sympatyczn\u0105 propozycj\u0119 o Babci \u2013 tym razem utw\u00f3r z repertuaru Zespo\u0142u Duo Bayers \u2013 <em>Naszo Babcia<\/em>. Tu zdecydowanie jest sympatycznie, pogodnie i z wyrazami wdzi\u0119czno\u015bci dla Babci \u2013 \u015bmia\u0142o mo\u017cemy ten mocno szlagierowy kawa\u0142ek dorzuci\u0107 do \u017cycze\u0144 dla naszej Babci.<\/p>\n\n\n\n<figure class=\"wp-block-embed is-type-video is-provider-youtube wp-block-embed-youtube wp-embed-aspect-16-9 wp-has-aspect-ratio\"><div class=\"wp-block-embed__wrapper\">\n<iframe loading=\"lazy\" title=\"Duo Bayer&#039;s - Naszo Babcia\" width=\"990\" height=\"557\" src=\"https:\/\/www.youtube.com\/embed\/sMaKxVYCZC4?feature=oembed\" frameborder=\"0\" allow=\"accelerometer; autoplay; clipboard-write; encrypted-media; gyroscope; picture-in-picture; web-share\" allowfullscreen><\/iframe>\n<\/div><\/figure>\n\n\n\n<p>Bardzo sympatyczn\u0105 propozycj\u0119, momentami wyciskaj\u0105c\u0105 \u0142zy, nagra\u0142a niegdy\u015b Kapela Biesiadna J\u00f3zefa Poloka \u2013 mowa o piosence <em>O dziadkach<\/em>. Wzruszaj\u0105ca piosenka to wyrazy wdzi\u0119czno\u015bci dla ukochanej Babci oraz Dziadka \u2013 s\u0142yszymy tu g\u0142os \u015a.P. J\u00f3zefa Poloka oraz utalentowanych Wokalistek z Zespo\u0142u.<\/p>\n\n\n\n<figure class=\"wp-block-embed is-type-video is-provider-youtube wp-block-embed-youtube wp-embed-aspect-16-9 wp-has-aspect-ratio\"><div class=\"wp-block-embed__wrapper\">\n<iframe loading=\"lazy\" title=\"J\u00f3zef Polok - O Dziadkach\" width=\"990\" height=\"557\" src=\"https:\/\/www.youtube.com\/embed\/FhAHEnMS7X4?feature=oembed\" frameborder=\"0\" allow=\"accelerometer; autoplay; clipboard-write; encrypted-media; gyroscope; picture-in-picture; web-share\" allowfullscreen><\/iframe>\n<\/div><\/figure>\n\n\n\n<p>Sympatyczn\u0105 propozycj\u0119 o Dziadku i Jego radach ma na koncie te\u017c Grzegorz Poloczek \u2013 mowa o piosence <em>S\u0142uchajcie Dziadka<\/em> z pierwszego kr\u0105\u017cka Grzegorza. Cho\u0107 Artysta pr\u00f3buje utrzyma\u0107 piosenk\u0119 w konwencji kabaretowej, tekst warty jest pos\u0142uchania i pe\u0142en ciep\u0142a.<\/p>\n\n\n\n<figure class=\"wp-block-embed is-type-video is-provider-youtube wp-block-embed-youtube wp-embed-aspect-16-9 wp-has-aspect-ratio\"><div class=\"wp-block-embed__wrapper\">\n<iframe loading=\"lazy\" title=\"Grzegorz Poloczek - S\u0142uchejcie Dziadka\" width=\"990\" height=\"557\" src=\"https:\/\/www.youtube.com\/embed\/-5TZttGZ5oo?feature=oembed\" frameborder=\"0\" allow=\"accelerometer; autoplay; clipboard-write; encrypted-media; gyroscope; picture-in-picture; web-share\" allowfullscreen><\/iframe>\n<\/div><\/figure>\n","protected":false},"excerpt":{"rendered":"<p>W poprzednim artykule przypomnieli\u015bmy najbardziej szalone propozycje o babci i dziadku, niemniej na naszych kana\u0142ach nie brak te\u017c nieco bardziej &hellip; <a href=\"https:\/\/boxmusic.com.pl\/index.php\/2023\/01\/18\/wzruszajace-piosenki-na-dzien-babci-i-dzien-dziadka\/\" class=\"more-link\"><span class=\"more-button\">Czytaj dalej<span class=\"screen-reader-text\">Wzruszaj\u0105ce piosenki na Dzie\u0144 Babci i Dzie\u0144 Dziadka<\/span><\/span><\/a><\/p>\n","protected":false},"author":3,"featured_media":2230,"comment_status":"closed","ping_status":"closed","sticky":false,"template":"","format":"standard","meta":{"footnotes":""},"categories":[3],"tags":[],"class_list":["post-2229","post","type-post","status-publish","format-standard","has-post-thumbnail","hentry","category-informacje"],"_links":{"self":[{"href":"https:\/\/boxmusic.com.pl\/index.php\/wp-json\/wp\/v2\/posts\/2229","targetHints":{"allow":["GET"]}}],"collection":[{"href":"https:\/\/boxmusic.com.pl\/index.php\/wp-json\/wp\/v2\/posts"}],"about":[{"href":"https:\/\/boxmusic.com.pl\/index.php\/wp-json\/wp\/v2\/types\/post"}],"author":[{"embeddable":true,"href":"https:\/\/boxmusic.com.pl\/index.php\/wp-json\/wp\/v2\/users\/3"}],"replies":[{"embeddable":true,"href":"https:\/\/boxmusic.com.pl\/index.php\/wp-json\/wp\/v2\/comments?post=2229"}],"version-history":[{"count":2,"href":"https:\/\/boxmusic.com.pl\/index.php\/wp-json\/wp\/v2\/posts\/2229\/revisions"}],"predecessor-version":[{"id":2244,"href":"https:\/\/boxmusic.com.pl\/index.php\/wp-json\/wp\/v2\/posts\/2229\/revisions\/2244"}],"wp:featuredmedia":[{"embeddable":true,"href":"https:\/\/boxmusic.com.pl\/index.php\/wp-json\/wp\/v2\/media\/2230"}],"wp:attachment":[{"href":"https:\/\/boxmusic.com.pl\/index.php\/wp-json\/wp\/v2\/media?parent=2229"}],"wp:term":[{"taxonomy":"category","embeddable":true,"href":"https:\/\/boxmusic.com.pl\/index.php\/wp-json\/wp\/v2\/categories?post=2229"},{"taxonomy":"post_tag","embeddable":true,"href":"https:\/\/boxmusic.com.pl\/index.php\/wp-json\/wp\/v2\/tags?post=2229"}],"curies":[{"name":"wp","href":"https:\/\/api.w.org\/{rel}","templated":true}]}}