{"id":2368,"date":"2023-05-03T03:58:00","date_gmt":"2023-05-03T01:58:00","guid":{"rendered":"https:\/\/boxmusic.com.pl\/?p=2368"},"modified":"2024-11-07T07:03:30","modified_gmt":"2024-11-07T06:03:30","slug":"piosenki-idealne-na-maj","status":"publish","type":"post","link":"https:\/\/boxmusic.com.pl\/index.php\/2023\/05\/03\/piosenki-idealne-na-maj\/","title":{"rendered":"Piosenki idealne na maj"},"content":{"rendered":"\n<p><strong>Maj to wyj\u0105tkowy miesi\u0105c w roku, wywo\u0142uj\u0105cy u wi\u0119kszo\u015bci z nas liczne skojarzenia \u2013 na og\u00f3\u0142 mi\u0142e, cho\u0107 te\u017c czasami bardziej stresuj\u0105ce\u2026<\/strong><\/p>\n\n\n\n<p>Jak to mawia\u0142 w <em>My Wam to zagramy<\/em> Andrzej Mi\u015b, maj to miesi\u0105c dla Mam (Dzie\u0144 Matki), dzieci pierwszokomunijnych, dla zakochanych oraz dla\u2026 maturzyst\u00f3w. No w\u0142a\u015bnie \u2013 nawi\u0105zania do niemal wszystkich tych zagadnie\u0144 znajdziemy w tw\u00f3rczo\u015bci muzycznej rodzimych artyst\u00f3w.<\/p>\n\n\n\n<p>Oczywi\u015bcie maj otwiera d\u0142ugi majowy weekend \u2013 o maj\u00f3wce (i to takiej z przytupem) za\u015bpiewa\u0142 niegdy\u015b Stach\u2026<\/p>\n\n\n\n<figure class=\"wp-block-embed is-type-video is-provider-youtube wp-block-embed-youtube wp-embed-aspect-16-9 wp-has-aspect-ratio\"><div class=\"wp-block-embed__wrapper\">\n<iframe loading=\"lazy\" title=\"Stach - \u015al\u0105sko maj\u00f3wka\" width=\"990\" height=\"557\" src=\"https:\/\/www.youtube.com\/embed\/tCwKuO_AAqY?feature=oembed\" frameborder=\"0\" allow=\"accelerometer; autoplay; clipboard-write; encrypted-media; gyroscope; picture-in-picture; web-share\" allowfullscreen><\/iframe>\n<\/div><\/figure>\n\n\n\n<p>Maj to miesi\u0105c dla maturzyst\u00f3w \u2013 jako\u015b o samej maturze piosenka jeszcze nie powsta\u0142a, ale o szkolnych wspomnieniach \u2013 owszem. Chyba najbardziej znan\u0105 jest pi\u0119kny Duet Bernadety Kowalskiej i Grzegorza Poloczka \u2013 <em>Tamte chwile<\/em>. Rzeczywi\u015bcie z perspektywy czasu wspominamy szkolne czasy w\u0142a\u015bnie w tym wymiarze. O szkolnych wspomnieniach za\u015bpiewa\u0142 te\u017c niegdy\u015b Zesp\u00f3\u0142 Ed\u2019Mans\u2026<\/p>\n\n\n\n<figure class=\"wp-block-embed is-type-video is-provider-youtube wp-block-embed-youtube wp-embed-aspect-16-9 wp-has-aspect-ratio\"><div class=\"wp-block-embed__wrapper\">\n<iframe loading=\"lazy\" title=\"Bernadeta Kowalska i Przyjaciele   Tamte Chwile\" width=\"990\" height=\"557\" src=\"https:\/\/www.youtube.com\/embed\/OkWj_Q-VXXo?feature=oembed\" frameborder=\"0\" allow=\"accelerometer; autoplay; clipboard-write; encrypted-media; gyroscope; picture-in-picture; web-share\" allowfullscreen><\/iframe>\n<\/div><\/figure>\n\n\n\n<figure class=\"wp-block-embed is-type-video is-provider-youtube wp-block-embed-youtube wp-embed-aspect-16-9 wp-has-aspect-ratio\"><div class=\"wp-block-embed__wrapper\">\n<iframe loading=\"lazy\" title=\"Ed&#039;Mans - Piosenka dla naszej klasy\" width=\"990\" height=\"557\" src=\"https:\/\/www.youtube.com\/embed\/aEF9DjtELIM?feature=oembed\" frameborder=\"0\" allow=\"accelerometer; autoplay; clipboard-write; encrypted-media; gyroscope; picture-in-picture; web-share\" allowfullscreen><\/iframe>\n<\/div><\/figure>\n\n\n\n<p>Skoro mowa o Pierwszej Komunii \u2013 cho\u0107 to bardzo wa\u017cna uroczysto\u015b\u0107 w \u017cyciu wielu z nas, piosenek nawi\u0105zuj\u0105cych do tej tematyki jest niewiele. Nam w\u0142a\u015bciwie nasuwa si\u0119 jedna, ale za to jaka\u2026 Grzegorz Poloczek z hiciorem <em>Komunijne ko\u0142o<\/em>. Sympatyczne wspomnienia z przymru\u017ceniem oka \u2013 nawiasem m\u00f3wi\u0105c kiedy\u015b to jednak by\u0142y fajne czasy\u2026<\/p>\n\n\n\n<figure class=\"wp-block-embed is-type-video is-provider-youtube wp-block-embed-youtube wp-embed-aspect-16-9 wp-has-aspect-ratio\"><div class=\"wp-block-embed__wrapper\">\n<iframe loading=\"lazy\" title=\"Grzegorz Poloczek - Komunijne ko\u0142o\" width=\"990\" height=\"557\" src=\"https:\/\/www.youtube.com\/embed\/zZ_8DABWKZg?feature=oembed\" frameborder=\"0\" allow=\"accelerometer; autoplay; clipboard-write; encrypted-media; gyroscope; picture-in-picture; web-share\" allowfullscreen><\/iframe>\n<\/div><\/figure>\n","protected":false},"excerpt":{"rendered":"<p>Maj to wyj\u0105tkowy miesi\u0105c w roku, wywo\u0142uj\u0105cy u wi\u0119kszo\u015bci z nas liczne skojarzenia \u2013 na og\u00f3\u0142 mi\u0142e, cho\u0107 te\u017c czasami &hellip; <a href=\"https:\/\/boxmusic.com.pl\/index.php\/2023\/05\/03\/piosenki-idealne-na-maj\/\" class=\"more-link\"><span class=\"more-button\">Czytaj dalej<span class=\"screen-reader-text\">Piosenki idealne na maj<\/span><\/span><\/a><\/p>\n","protected":false},"author":3,"featured_media":2147,"comment_status":"closed","ping_status":"closed","sticky":false,"template":"","format":"standard","meta":{"footnotes":""},"categories":[3],"tags":[],"class_list":["post-2368","post","type-post","status-publish","format-standard","has-post-thumbnail","hentry","category-informacje"],"_links":{"self":[{"href":"https:\/\/boxmusic.com.pl\/index.php\/wp-json\/wp\/v2\/posts\/2368","targetHints":{"allow":["GET"]}}],"collection":[{"href":"https:\/\/boxmusic.com.pl\/index.php\/wp-json\/wp\/v2\/posts"}],"about":[{"href":"https:\/\/boxmusic.com.pl\/index.php\/wp-json\/wp\/v2\/types\/post"}],"author":[{"embeddable":true,"href":"https:\/\/boxmusic.com.pl\/index.php\/wp-json\/wp\/v2\/users\/3"}],"replies":[{"embeddable":true,"href":"https:\/\/boxmusic.com.pl\/index.php\/wp-json\/wp\/v2\/comments?post=2368"}],"version-history":[{"count":1,"href":"https:\/\/boxmusic.com.pl\/index.php\/wp-json\/wp\/v2\/posts\/2368\/revisions"}],"predecessor-version":[{"id":2369,"href":"https:\/\/boxmusic.com.pl\/index.php\/wp-json\/wp\/v2\/posts\/2368\/revisions\/2369"}],"wp:featuredmedia":[{"embeddable":true,"href":"https:\/\/boxmusic.com.pl\/index.php\/wp-json\/wp\/v2\/media\/2147"}],"wp:attachment":[{"href":"https:\/\/boxmusic.com.pl\/index.php\/wp-json\/wp\/v2\/media?parent=2368"}],"wp:term":[{"taxonomy":"category","embeddable":true,"href":"https:\/\/boxmusic.com.pl\/index.php\/wp-json\/wp\/v2\/categories?post=2368"},{"taxonomy":"post_tag","embeddable":true,"href":"https:\/\/boxmusic.com.pl\/index.php\/wp-json\/wp\/v2\/tags?post=2368"}],"curies":[{"name":"wp","href":"https:\/\/api.w.org\/{rel}","templated":true}]}}