{"id":2382,"date":"2023-09-12T04:28:23","date_gmt":"2023-09-12T02:28:23","guid":{"rendered":"https:\/\/boxmusic.com.pl\/?p=2382"},"modified":"2024-11-07T07:03:31","modified_gmt":"2024-11-07T06:03:31","slug":"magia-wspomnien-frela-blue","status":"publish","type":"post","link":"https:\/\/boxmusic.com.pl\/index.php\/2023\/09\/12\/magia-wspomnien-frela-blue\/","title":{"rendered":"Magia wspomnie\u0144: Frela Blue"},"content":{"rendered":"\n<p><strong>Czas na nasze wspomnienia dotycz\u0105ce kolejnej wsp\u00f3\u0142pracuj\u0105cej z nami Artystki, czyli Freli Blue.<\/strong><\/p>\n\n\n\n<p>Frela Blue to pseudonim niezwykle barwnej i utalentowanej Artystki \u2013 Aleksandry Stegh. Artystka pochodzi z Katowic, ale od dzieci\u0144stwa mieszka w Niemczech, pomimo odleg\u0142o\u015bci nigdy nie zapomnia\u0142a o \u015al\u0105sku i o Polsce, spor\u0105 cz\u0119\u015b\u0107 swej tw\u00f3rczo\u015bci realizuj\u0105c po polsku oraz po \u015al\u0105sku.<\/p>\n\n\n\n<figure class=\"wp-block-embed is-type-video is-provider-youtube wp-block-embed-youtube wp-embed-aspect-16-9 wp-has-aspect-ratio\"><div class=\"wp-block-embed__wrapper\">\n<iframe loading=\"lazy\" title=\"Frela Blue - Uwodziny Ancika\" width=\"990\" height=\"557\" src=\"https:\/\/www.youtube.com\/embed\/fyDe57T7wlA?feature=oembed\" frameborder=\"0\" allow=\"accelerometer; autoplay; clipboard-write; encrypted-media; gyroscope; picture-in-picture; web-share\" allowfullscreen><\/iframe>\n<\/div><\/figure>\n\n\n\n<p><\/p>\n\n\n\n<p>Frela Blue jest niezwykle wszechstronn\u0105 Artystk\u0105 \u2013 wokalistk\u0105, autork\u0105 tekst\u00f3w, kompozytork\u0105, poetk\u0105 (wyda\u0142a liczne tomiki poezji), malark\u0105, fotografk\u0105, kabareciark\u0105\u2026 Gra na kilku instrumentach muzycznych, uwielbia te\u017c sport i aktywno\u015b\u0107 fizyczn\u0105, uwielbia relaksowa\u0107 si\u0119 na \u0142onie natury.<\/p>\n\n\n\n<figure class=\"wp-block-embed is-type-video is-provider-youtube wp-block-embed-youtube wp-embed-aspect-16-9 wp-has-aspect-ratio\"><div class=\"wp-block-embed__wrapper\">\n<iframe loading=\"lazy\" title=\"Frela Blue - Internet\" width=\"990\" height=\"557\" src=\"https:\/\/www.youtube.com\/embed\/sVmActahCUI?feature=oembed\" frameborder=\"0\" allow=\"accelerometer; autoplay; clipboard-write; encrypted-media; gyroscope; picture-in-picture; web-share\" allowfullscreen><\/iframe>\n<\/div><\/figure>\n\n\n\n<p>Frela Blue wsp\u00f3\u0142prac\u0119 z Wydawnictwem Box Music rozpocz\u0119\u0142a w 2019 roku, po kilku miesi\u0105cach debiutowa\u0142a na \u015al\u0105skiej Gali Biesiadnej. Rok p\u00f3\u017aniej ukaza\u0142 si\u0119 debiutancki kr\u0105\u017cek Artystki <em>Klara<\/em> (kwestie premiery i promocji niestety w znacznym stopniu uniemo\u017cliwi\u0142a szalej\u0105ca pandemia). W 2020 roku Frela Blue zast\u0105pi\u0142a Andrzeja Misia w roli Prowadz\u0105cej <em>My Wam to Zagramy<\/em> (zgodnie z pierwotnym planem, program mia\u0142 by\u0107 prowadzony po kilku miesi\u0105cach przez Frel\u0119 i Andrzeja w Duecie, ale po raz kolejny pandemia i problemy zdrowotne Andrzeja pokrzy\u017cowa\u0142y plany). Jednocze\u015bnie od 2020 roku Frela Blue co poniedzia\u0142ek ma swoje kr\u00f3tkie felietony na Antenie Radia FEST, w kt\u00f3rych prezentuje swoje poczucie humoru, barwne spojrzenie na rzeczywisto\u015b\u0107, jak te\u017c swoje zdolno\u015bci poetyckie.<\/p>\n\n\n\n<figure class=\"wp-block-embed is-type-video is-provider-youtube wp-block-embed-youtube wp-embed-aspect-16-9 wp-has-aspect-ratio\"><div class=\"wp-block-embed__wrapper\">\n<iframe loading=\"lazy\" title=\"Frela Blue - Samba (official video)\" width=\"990\" height=\"557\" src=\"https:\/\/www.youtube.com\/embed\/t4eUcQB8bG4?feature=oembed\" frameborder=\"0\" allow=\"accelerometer; autoplay; clipboard-write; encrypted-media; gyroscope; picture-in-picture; web-share\" allowfullscreen><\/iframe>\n<\/div><\/figure>\n\n\n\n<p>Pod wzgl\u0119dem muzycznym Frela Blue niew\u0105tpliwie jest niezwyk\u0142\u0105, nie daj\u0105c\u0105 si\u0119 zaszufladkowa\u0107 Artystk\u0105. Jej piosenki oscyluj\u0105 pomi\u0119dzy bluesem, rockiem, jazzem, soulem i brzmieniami latino (m.in. bossa nova, samba).<\/p>\n\n\n\n<figure class=\"wp-block-embed is-type-video is-provider-youtube wp-block-embed-youtube wp-embed-aspect-16-9 wp-has-aspect-ratio\"><div class=\"wp-block-embed__wrapper\">\n<iframe loading=\"lazy\" title=\"Frela Blue - Niy mom co \u0142oblyc (official video)\" width=\"990\" height=\"557\" src=\"https:\/\/www.youtube.com\/embed\/I8-sfzwGhgw?feature=oembed\" frameborder=\"0\" allow=\"accelerometer; autoplay; clipboard-write; encrypted-media; gyroscope; picture-in-picture; web-share\" allowfullscreen><\/iframe>\n<\/div><\/figure>\n","protected":false},"excerpt":{"rendered":"<p>Czas na nasze wspomnienia dotycz\u0105ce kolejnej wsp\u00f3\u0142pracuj\u0105cej z nami Artystki, czyli Freli Blue. Frela Blue to pseudonim niezwykle barwnej i &hellip; <a href=\"https:\/\/boxmusic.com.pl\/index.php\/2023\/09\/12\/magia-wspomnien-frela-blue\/\" class=\"more-link\"><span class=\"more-button\">Czytaj dalej<span class=\"screen-reader-text\">Magia wspomnie\u0144: Frela Blue<\/span><\/span><\/a><\/p>\n","protected":false},"author":3,"featured_media":1534,"comment_status":"closed","ping_status":"closed","sticky":false,"template":"","format":"standard","meta":{"footnotes":""},"categories":[3],"tags":[21,14],"class_list":["post-2382","post","type-post","status-publish","format-standard","has-post-thumbnail","hentry","category-informacje","tag-box-music","tag-frela-blue"],"_links":{"self":[{"href":"https:\/\/boxmusic.com.pl\/index.php\/wp-json\/wp\/v2\/posts\/2382","targetHints":{"allow":["GET"]}}],"collection":[{"href":"https:\/\/boxmusic.com.pl\/index.php\/wp-json\/wp\/v2\/posts"}],"about":[{"href":"https:\/\/boxmusic.com.pl\/index.php\/wp-json\/wp\/v2\/types\/post"}],"author":[{"embeddable":true,"href":"https:\/\/boxmusic.com.pl\/index.php\/wp-json\/wp\/v2\/users\/3"}],"replies":[{"embeddable":true,"href":"https:\/\/boxmusic.com.pl\/index.php\/wp-json\/wp\/v2\/comments?post=2382"}],"version-history":[{"count":1,"href":"https:\/\/boxmusic.com.pl\/index.php\/wp-json\/wp\/v2\/posts\/2382\/revisions"}],"predecessor-version":[{"id":2383,"href":"https:\/\/boxmusic.com.pl\/index.php\/wp-json\/wp\/v2\/posts\/2382\/revisions\/2383"}],"wp:featuredmedia":[{"embeddable":true,"href":"https:\/\/boxmusic.com.pl\/index.php\/wp-json\/wp\/v2\/media\/1534"}],"wp:attachment":[{"href":"https:\/\/boxmusic.com.pl\/index.php\/wp-json\/wp\/v2\/media?parent=2382"}],"wp:term":[{"taxonomy":"category","embeddable":true,"href":"https:\/\/boxmusic.com.pl\/index.php\/wp-json\/wp\/v2\/categories?post=2382"},{"taxonomy":"post_tag","embeddable":true,"href":"https:\/\/boxmusic.com.pl\/index.php\/wp-json\/wp\/v2\/tags?post=2382"}],"curies":[{"name":"wp","href":"https:\/\/api.w.org\/{rel}","templated":true}]}}