{"id":2433,"date":"2023-06-07T22:35:34","date_gmt":"2023-06-07T20:35:34","guid":{"rendered":"https:\/\/boxmusic.com.pl\/?p=2433"},"modified":"2024-11-07T07:03:33","modified_gmt":"2024-11-07T06:03:33","slug":"gdzie-w-najblizszym-czasie-mozna-spotkac-na-zywo-nasze-zaprzyjaznione-gwiazdy","status":"publish","type":"post","link":"https:\/\/boxmusic.com.pl\/index.php\/2023\/06\/07\/gdzie-w-najblizszym-czasie-mozna-spotkac-na-zywo-nasze-zaprzyjaznione-gwiazdy\/","title":{"rendered":"Gdzie w najbli\u017cszym czasie mo\u017cna spotka\u0107 na \u017cywo nasze zaprzyja\u017anione Gwiazdy?"},"content":{"rendered":"\n<p>W kolejne czerwcowe weekendy nie zabraknie licznych okazji do spotkania z naszymi zaprzyja\u017anionymi Artystami na \u017cywo podczas koncert\u00f3w. Poni\u017cej podpowiadamy Wam, gdzie mo\u017cecie na \u017cywo us\u0142ysze\u0107 Wasze ulubione kawa\u0142ki\u2026<\/p>\n\n\n\n<p>Ju\u017c w czwartek \u2013 8 czerwca \u2013 podczas Festyny Parafialnego w Rudzie \u015al\u0105skiej Nowym Bytomiu pojawi si\u0119 m.in. Zesp\u00f3\u0142 M Band (przekszta\u0142cony EMI Band).<\/p>\n\n\n\n<figure class=\"wp-block-embed is-type-video is-provider-youtube wp-block-embed-youtube wp-embed-aspect-16-9 wp-has-aspect-ratio\"><div class=\"wp-block-embed__wrapper\">\n<iframe loading=\"lazy\" title=\"Emi Band - TYLKO TOBIE - koncert \u015al\u0105ska Gala Biesiadna 2016\" width=\"990\" height=\"557\" src=\"https:\/\/www.youtube.com\/embed\/Jcc_pWuB3sw?feature=oembed\" frameborder=\"0\" allow=\"accelerometer; autoplay; clipboard-write; encrypted-media; gyroscope; picture-in-picture; web-share\" allowfullscreen><\/iframe>\n<\/div><\/figure>\n\n\n\n<p>W niedziel\u0119 11 czerwca w Radzionkowie, w ramach Dni Radzionkowa wyst\u0105pi m.in. Damian Holecki.<\/p>\n\n\n\n<figure class=\"wp-block-embed is-type-video is-provider-youtube wp-block-embed-youtube wp-embed-aspect-16-9 wp-has-aspect-ratio\"><div class=\"wp-block-embed__wrapper\">\n<iframe loading=\"lazy\" title=\"Damian Holecki \u2013 Ona i ja\" width=\"990\" height=\"557\" src=\"https:\/\/www.youtube.com\/embed\/9PKJb8cxEGs?feature=oembed\" frameborder=\"0\" allow=\"accelerometer; autoplay; clipboard-write; encrypted-media; gyroscope; picture-in-picture; web-share\" allowfullscreen><\/iframe>\n<\/div><\/figure>\n\n\n\n<p>R\u00f3wnie\u017c w niedziel\u0119, w ramach Dni Gminy Walce wyst\u0105pi m.in. Bernadeta Kowalska i Przyjaciele.<\/p>\n\n\n\n<figure class=\"wp-block-embed is-type-video is-provider-youtube wp-block-embed-youtube wp-embed-aspect-16-9 wp-has-aspect-ratio\"><div class=\"wp-block-embed__wrapper\">\n<iframe loading=\"lazy\" title=\"Bernadeta Kowalska i Przyjaciele - \u017bycie to taka gra\" width=\"990\" height=\"557\" src=\"https:\/\/www.youtube.com\/embed\/ryad-1pTrB4?feature=oembed\" frameborder=\"0\" allow=\"accelerometer; autoplay; clipboard-write; encrypted-media; gyroscope; picture-in-picture; web-share\" allowfullscreen><\/iframe>\n<\/div><\/figure>\n\n\n\n<p>W Tuchowie \u2013 w niedziel\u0119 11 czerwca \u2013 na Festynie Parafialnym \u2013 wyst\u0105pi natomiast Duet Karo.<\/p>\n\n\n\n<figure class=\"wp-block-embed is-type-video is-provider-youtube wp-block-embed-youtube wp-embed-aspect-16-9 wp-has-aspect-ratio\"><div class=\"wp-block-embed__wrapper\">\n<iframe loading=\"lazy\" title=\"Duet Karo - Co w duszy gra (koncert - Benefis Duetu Karo)\" width=\"990\" height=\"557\" src=\"https:\/\/www.youtube.com\/embed\/YDlemSYG8II?feature=oembed\" frameborder=\"0\" allow=\"accelerometer; autoplay; clipboard-write; encrypted-media; gyroscope; picture-in-picture; web-share\" allowfullscreen><\/iframe>\n<\/div><\/figure>\n\n\n\n<p>17 czerwca w Siemianowicach \u015al\u0105skich, w ramach Dni Siemianowic wyst\u0105pi m.in. Grzegorz Poloczek.<\/p>\n\n\n\n<figure class=\"wp-block-embed is-type-video is-provider-youtube wp-block-embed-youtube wp-embed-aspect-16-9 wp-has-aspect-ratio\"><div class=\"wp-block-embed__wrapper\">\n<iframe loading=\"lazy\" title=\"Grzegorz Poloczek - Och Usia Usia (Koncert \u015al\u0105ska Gala Biesiadna 2013) HD\" width=\"990\" height=\"557\" src=\"https:\/\/www.youtube.com\/embed\/iLj0ApCsNCQ?feature=oembed\" frameborder=\"0\" allow=\"accelerometer; autoplay; clipboard-write; encrypted-media; gyroscope; picture-in-picture; web-share\" allowfullscreen><\/iframe>\n<\/div><\/figure>\n\n\n\n<p>R\u00f3wnie\u017c w sobot\u0119 17 czerwca w Miasteczku \u015al\u0105skim \u2013 Brynicy \u2013 wyst\u0105pi Bernadeta Kowalska. Tego samego dnia Artystk\u0119 mo\u017cna spotka\u0107 te\u017c w O\u017carowicach na Biegu Silverrun.<\/p>\n\n\n\n<figure class=\"wp-block-embed is-type-video is-provider-youtube wp-block-embed-youtube wp-embed-aspect-16-9 wp-has-aspect-ratio\"><div class=\"wp-block-embed__wrapper\">\n<iframe loading=\"lazy\" title=\"Bernadeta Kowalska - To by\u0142 bal (koncert)\" width=\"990\" height=\"557\" src=\"https:\/\/www.youtube.com\/embed\/fNgFo4BY17Q?feature=oembed\" frameborder=\"0\" allow=\"accelerometer; autoplay; clipboard-write; encrypted-media; gyroscope; picture-in-picture; web-share\" allowfullscreen><\/iframe>\n<\/div><\/figure>\n\n\n\n<p>W Chorzowie II spotka\u0107 b\u0119dzie mo\u017cna z kolei Grzegorza Poloczka z Kabaretem \u2013 Artysta wyst\u0105pi na Festynie integracyjnym.<\/p>\n\n\n\n<figure class=\"wp-block-embed is-type-video is-provider-youtube wp-block-embed-youtube wp-embed-aspect-16-9 wp-has-aspect-ratio\"><div class=\"wp-block-embed__wrapper\">\n<iframe loading=\"lazy\" title=\"Grzegorz Poloczek - Och Usia Usia (Koncert \u015al\u0105ska Gala Biesiadna 2013) HD\" width=\"990\" height=\"557\" src=\"https:\/\/www.youtube.com\/embed\/iLj0ApCsNCQ?feature=oembed\" frameborder=\"0\" allow=\"accelerometer; autoplay; clipboard-write; encrypted-media; gyroscope; picture-in-picture; web-share\" allowfullscreen><\/iframe>\n<\/div><\/figure>\n\n\n\n<p>Tego samego dnia w Grodzisku Wielkopolskim w ramach Piwobrania wyst\u0105pi natomiast Damian Holecki.<\/p>\n\n\n\n<figure class=\"wp-block-embed is-type-video is-provider-youtube wp-block-embed-youtube wp-embed-aspect-16-9 wp-has-aspect-ratio\"><div class=\"wp-block-embed__wrapper\">\n<iframe loading=\"lazy\" title=\"Damian Holecki - Jeste\u015b moim anio\u0142em (koncert)\" width=\"990\" height=\"557\" src=\"https:\/\/www.youtube.com\/embed\/y6ebU9y6_10?feature=oembed\" frameborder=\"0\" allow=\"accelerometer; autoplay; clipboard-write; encrypted-media; gyroscope; picture-in-picture; web-share\" allowfullscreen><\/iframe>\n<\/div><\/figure>\n","protected":false},"excerpt":{"rendered":"<p>W kolejne czerwcowe weekendy nie zabraknie licznych okazji do spotkania z naszymi zaprzyja\u017anionymi Artystami na \u017cywo podczas koncert\u00f3w. Poni\u017cej podpowiadamy &hellip; <a href=\"https:\/\/boxmusic.com.pl\/index.php\/2023\/06\/07\/gdzie-w-najblizszym-czasie-mozna-spotkac-na-zywo-nasze-zaprzyjaznione-gwiazdy\/\" class=\"more-link\"><span class=\"more-button\">Czytaj dalej<span class=\"screen-reader-text\">Gdzie w najbli\u017cszym czasie mo\u017cna spotka\u0107 na \u017cywo nasze zaprzyja\u017anione Gwiazdy?<\/span><\/span><\/a><\/p>\n","protected":false},"author":3,"featured_media":273,"comment_status":"closed","ping_status":"closed","sticky":false,"template":"","format":"standard","meta":{"footnotes":""},"categories":[3],"tags":[],"class_list":["post-2433","post","type-post","status-publish","format-standard","has-post-thumbnail","hentry","category-informacje"],"_links":{"self":[{"href":"https:\/\/boxmusic.com.pl\/index.php\/wp-json\/wp\/v2\/posts\/2433","targetHints":{"allow":["GET"]}}],"collection":[{"href":"https:\/\/boxmusic.com.pl\/index.php\/wp-json\/wp\/v2\/posts"}],"about":[{"href":"https:\/\/boxmusic.com.pl\/index.php\/wp-json\/wp\/v2\/types\/post"}],"author":[{"embeddable":true,"href":"https:\/\/boxmusic.com.pl\/index.php\/wp-json\/wp\/v2\/users\/3"}],"replies":[{"embeddable":true,"href":"https:\/\/boxmusic.com.pl\/index.php\/wp-json\/wp\/v2\/comments?post=2433"}],"version-history":[{"count":1,"href":"https:\/\/boxmusic.com.pl\/index.php\/wp-json\/wp\/v2\/posts\/2433\/revisions"}],"predecessor-version":[{"id":2434,"href":"https:\/\/boxmusic.com.pl\/index.php\/wp-json\/wp\/v2\/posts\/2433\/revisions\/2434"}],"wp:featuredmedia":[{"embeddable":true,"href":"https:\/\/boxmusic.com.pl\/index.php\/wp-json\/wp\/v2\/media\/273"}],"wp:attachment":[{"href":"https:\/\/boxmusic.com.pl\/index.php\/wp-json\/wp\/v2\/media?parent=2433"}],"wp:term":[{"taxonomy":"category","embeddable":true,"href":"https:\/\/boxmusic.com.pl\/index.php\/wp-json\/wp\/v2\/categories?post=2433"},{"taxonomy":"post_tag","embeddable":true,"href":"https:\/\/boxmusic.com.pl\/index.php\/wp-json\/wp\/v2\/tags?post=2433"}],"curies":[{"name":"wp","href":"https:\/\/api.w.org\/{rel}","templated":true}]}}