{"id":2441,"date":"2023-10-22T23:34:40","date_gmt":"2023-10-22T21:34:40","guid":{"rendered":"https:\/\/boxmusic.com.pl\/?p=2441"},"modified":"2024-11-07T07:03:33","modified_gmt":"2024-11-07T06:03:33","slug":"od-najmlodszych-lat-na-scenie","status":"publish","type":"post","link":"https:\/\/boxmusic.com.pl\/index.php\/2023\/10\/22\/od-najmlodszych-lat-na-scenie\/","title":{"rendered":"Od najm\u0142odszych lat na scenie"},"content":{"rendered":"\n<p><strong>Czy wiecie, \u017ce wielu popularnych Artyst\u00f3w naszej Sceny \u2013 r\u00f3wnie\u017c Gwiazd zaprzyja\u017anionych z naszym Wydawnictwem \u2013 debiutowa\u0142o ju\u017c jako dzieci? Poni\u017cej przypominamy kolejnych Artyst\u00f3w, na scenie obecnych niemal od przedszkola\u2026<\/strong><\/p>\n\n\n\n<p>Jako kilkulatka swoje pierwsze kroki na scenie stawia\u0142a te\u017c Jula, czyli Justyna Sosna z Duetu Kola i Jula. Artystka pochodz\u0105ca z muzykalnej Rodziny ju\u017c w wieku przedszkolnym wyst\u0119powa\u0142a w pierwszych konkursach muzycznych i odwa\u017cnie wchodzi\u0142a na du\u017c\u0105 scen\u0119.<\/p>\n\n\n\n<figure class=\"wp-block-embed is-type-video is-provider-youtube wp-block-embed-youtube wp-embed-aspect-16-9 wp-has-aspect-ratio\"><div class=\"wp-block-embed__wrapper\">\n<iframe loading=\"lazy\" title=\"Kola &amp; Jula - \u017bycie to dar\" width=\"990\" height=\"557\" src=\"https:\/\/www.youtube.com\/embed\/4MVh-x5DNKU?feature=oembed\" frameborder=\"0\" allow=\"accelerometer; autoplay; clipboard-write; encrypted-media; gyroscope; picture-in-picture; web-share\" allowfullscreen><\/iframe>\n<\/div><\/figure>\n\n\n\n<p>Skoro mowa o m\u0142odziutkich Artystach na naszej Scenie, warto przypomnie\u0107 \u015bwietny Zesp\u00f3\u0142 Servoos, kt\u00f3rego sk\u0142ad zasila a\u017c troje m\u0142odych i zdolnych Artyst\u00f3w \u2013 Dzieci Pa\u0144stwa \u015acibik. Trzeba przyzna\u0107, i\u017c dzieci s\u0105 wyj\u0105tkowo uzdolnione muzycznie \u2013 \u015bpiewaj\u0105, s\u0105 multiinstrumentalistami, a nawet same tworz\u0105 piosenki.<\/p>\n\n\n\n<figure class=\"wp-block-embed is-type-video is-provider-youtube wp-block-embed-youtube wp-embed-aspect-16-9 wp-has-aspect-ratio\"><div class=\"wp-block-embed__wrapper\">\n<iframe loading=\"lazy\" title=\"SERVOOS -  NAJWAZNIEJSZE NA TYM SWIECIE koncert \u015aGB 2016\" width=\"990\" height=\"557\" src=\"https:\/\/www.youtube.com\/embed\/Rwp89yEhniA?feature=oembed\" frameborder=\"0\" allow=\"accelerometer; autoplay; clipboard-write; encrypted-media; gyroscope; picture-in-picture; web-share\" allowfullscreen><\/iframe>\n<\/div><\/figure>\n\n\n\n<p>R\u00f3wnie\u017c bardzo m\u0142odo swoje pierwsze kroki na muzycznej scenie stawia\u0142a Magdalena Pal. Wokalistka zaczyna\u0142a karier\u0119 ju\u017c w szkole podstawowej, bior\u0105c z powodzeniem udzia\u0142 w licznych konkursach wokalnych oraz dokszta\u0142caj\u0105c si\u0119 wokalnie.<\/p>\n\n\n\n<figure class=\"wp-block-embed is-type-video is-provider-youtube wp-block-embed-youtube wp-embed-aspect-16-9 wp-has-aspect-ratio\"><div class=\"wp-block-embed__wrapper\">\n<iframe loading=\"lazy\" title=\"Magdalena Pal - Chwytaj mnie (koncert)\" width=\"990\" height=\"557\" src=\"https:\/\/www.youtube.com\/embed\/oxxyqzg5hNU?feature=oembed\" frameborder=\"0\" allow=\"accelerometer; autoplay; clipboard-write; encrypted-media; gyroscope; picture-in-picture; web-share\" allowfullscreen><\/iframe>\n<\/div><\/figure>\n","protected":false},"excerpt":{"rendered":"<p>Czy wiecie, \u017ce wielu popularnych Artyst\u00f3w naszej Sceny \u2013 r\u00f3wnie\u017c Gwiazd zaprzyja\u017anionych z naszym Wydawnictwem \u2013 debiutowa\u0142o ju\u017c jako dzieci? &hellip; <a href=\"https:\/\/boxmusic.com.pl\/index.php\/2023\/10\/22\/od-najmlodszych-lat-na-scenie\/\" class=\"more-link\"><span class=\"more-button\">Czytaj dalej<span class=\"screen-reader-text\">Od najm\u0142odszych lat na scenie<\/span><\/span><\/a><\/p>\n","protected":false},"author":3,"featured_media":2130,"comment_status":"closed","ping_status":"closed","sticky":false,"template":"","format":"standard","meta":{"footnotes":""},"categories":[3],"tags":[],"class_list":["post-2441","post","type-post","status-publish","format-standard","has-post-thumbnail","hentry","category-informacje"],"_links":{"self":[{"href":"https:\/\/boxmusic.com.pl\/index.php\/wp-json\/wp\/v2\/posts\/2441","targetHints":{"allow":["GET"]}}],"collection":[{"href":"https:\/\/boxmusic.com.pl\/index.php\/wp-json\/wp\/v2\/posts"}],"about":[{"href":"https:\/\/boxmusic.com.pl\/index.php\/wp-json\/wp\/v2\/types\/post"}],"author":[{"embeddable":true,"href":"https:\/\/boxmusic.com.pl\/index.php\/wp-json\/wp\/v2\/users\/3"}],"replies":[{"embeddable":true,"href":"https:\/\/boxmusic.com.pl\/index.php\/wp-json\/wp\/v2\/comments?post=2441"}],"version-history":[{"count":1,"href":"https:\/\/boxmusic.com.pl\/index.php\/wp-json\/wp\/v2\/posts\/2441\/revisions"}],"predecessor-version":[{"id":2442,"href":"https:\/\/boxmusic.com.pl\/index.php\/wp-json\/wp\/v2\/posts\/2441\/revisions\/2442"}],"wp:featuredmedia":[{"embeddable":true,"href":"https:\/\/boxmusic.com.pl\/index.php\/wp-json\/wp\/v2\/media\/2130"}],"wp:attachment":[{"href":"https:\/\/boxmusic.com.pl\/index.php\/wp-json\/wp\/v2\/media?parent=2441"}],"wp:term":[{"taxonomy":"category","embeddable":true,"href":"https:\/\/boxmusic.com.pl\/index.php\/wp-json\/wp\/v2\/categories?post=2441"},{"taxonomy":"post_tag","embeddable":true,"href":"https:\/\/boxmusic.com.pl\/index.php\/wp-json\/wp\/v2\/tags?post=2441"}],"curies":[{"name":"wp","href":"https:\/\/api.w.org\/{rel}","templated":true}]}}