{"id":257,"date":"2021-02-19T00:28:00","date_gmt":"2021-02-18T23:28:00","guid":{"rendered":"https:\/\/boxmusic.com.pl\/?p=257"},"modified":"2024-11-07T07:03:27","modified_gmt":"2024-11-07T06:03:27","slug":"coraz-blizej-do-gali","status":"publish","type":"post","link":"https:\/\/boxmusic.com.pl\/index.php\/2021\/02\/19\/coraz-blizej-do-gali\/","title":{"rendered":"Coraz bli\u017cej do Gali"},"content":{"rendered":"\n<p><strong>Karnawa\u0142 ju\u017c za nami. Niestety nie by\u0142o dane nam nacieszy\u0107 si\u0119 koncertami i imprezami. Mamy jednak coraz wi\u0119ksz\u0105 nadziej\u0119 na to, \u017ce jeste\u015bmy na najlepszej drodze do powrotu do normalno\u015bci i ju\u017c niebawem b\u0119dziemy mieli zn\u00f3w okazj\u0119, by spotyka\u0107 si\u0119 na imprezach oraz koncertach. My obecnie po\u015bwi\u0119camy si\u0119 intensywnym przygotowaniom do majowej \u015al\u0105skiej Gali Biesiadnej.<\/strong><\/p>\n\n\n\n<p>Karnawa\u0142 za nami\u2026 Cho\u0107 spogl\u0105daj\u0105c za okno troch\u0119 trudno w to uwierzy\u0107, niemniej wiosna coraz bli\u017cej. Tym samym coraz bli\u017cej nasza d\u0142ugo wyczekiwana kolejna \u015al\u0105ska Gala Biesiadna, kt\u00f3ra ju\u017c za niespe\u0142na 3 miesi\u0105ce. Bilet\u00f3w ubywa, o dobre miejsca coraz trudniej\u2026 My tymczasem pracujemy intensywnie nad ostateczn\u0105 wersj\u0105 scenariusza nadchodz\u0105cej imprezy\u2026 Ju\u017c teraz mo\u017cemy zdradzi\u0107, i\u017c czekaj\u0105 Was liczne niespodzianki, us\u0142yszycie wielkie hity oraz nowo\u015bci.<\/p>\n\n\n\n<p>Nasi Arty\u015bci niecierpliwie wyczekuj\u0105 spotkania z Wami na tej wyj\u0105tkowej, najwi\u0119kszej i najbardziej renomowanej szlagierowej imprezie.<\/p>\n\n\n\n<p>Gwiazd\u0105 wydarzenia b\u0119dzie sam Edward Simoni. Popularny, \u015bwiatowej s\u0142awy Instrumentalista, maj\u0105cy na koncie ogromne sukcesy, cieszy si\u0119 ogromn\u0105 popularno\u015bci\u0105 od wielu lat, a ka\u017cdy Jego wyst\u0119p to prawdziwe widowisko. Recital Edwarda Simoniego dla amator\u00f3w dobrej muzyki to prawdziwa gratka, gdy\u017c wyj\u0105tkowy Artysta wyst\u0119puje w Polsce bardzo rzadko.<\/p>\n\n\n\n<p><img loading=\"lazy\" decoding=\"async\" width=\"500\" height=\"500\" class=\"wp-image-258\" style=\"width: 500px;\" src=\"https:\/\/boxmusic.com.pl\/wp-content\/uploads\/2021\/03\/0sgb21.jpg\" alt=\"\" srcset=\"https:\/\/boxmusic.com.pl\/wp-content\/uploads\/2021\/03\/0sgb21.jpg 1000w, https:\/\/boxmusic.com.pl\/wp-content\/uploads\/2021\/03\/0sgb21-300x300.jpg 300w, https:\/\/boxmusic.com.pl\/wp-content\/uploads\/2021\/03\/0sgb21-150x150.jpg 150w, https:\/\/boxmusic.com.pl\/wp-content\/uploads\/2021\/03\/0sgb21-768x768.jpg 768w, https:\/\/boxmusic.com.pl\/wp-content\/uploads\/2021\/03\/0sgb21-24x24.jpg 24w, https:\/\/boxmusic.com.pl\/wp-content\/uploads\/2021\/03\/0sgb21-36x36.jpg 36w, https:\/\/boxmusic.com.pl\/wp-content\/uploads\/2021\/03\/0sgb21-48x48.jpg 48w\" sizes=\"auto, (max-width: 500px) 100vw, 500px\" \/>Przypomnijmy, \u017ce na koncercie wyst\u0105pi\u0105 Wasze ulubione Gwiazdy naszej Sceny: Bernadeta Kowalska i Przyjaciele, Arkadia Band, Duet Karo, Damian Holecki, Kabaret Grzegorza Poloczka, Tim Fabian, Weronika, Frela Blue, Piotr Herdzina, Magda, A To My, Grupa Time, czy Duet Romantica. Wydarzenie poprowadz\u0105 rewelacyjni Joanna Bartel oraz Marcin Janota.<\/p>\n","protected":false},"excerpt":{"rendered":"<p>Karnawa\u0142 ju\u017c za nami. Niestety nie by\u0142o dane nam nacieszy\u0107 si\u0119 koncertami i imprezami. Mamy jednak coraz wi\u0119ksz\u0105 nadziej\u0119 na &hellip; <a href=\"https:\/\/boxmusic.com.pl\/index.php\/2021\/02\/19\/coraz-blizej-do-gali\/\" class=\"more-link\"><span class=\"more-button\">Czytaj dalej<span class=\"screen-reader-text\">Coraz bli\u017cej do Gali<\/span><\/span><\/a><\/p>\n","protected":false},"author":3,"featured_media":260,"comment_status":"closed","ping_status":"open","sticky":false,"template":"","format":"standard","meta":{"footnotes":""},"categories":[3],"tags":[5,6],"class_list":["post-257","post","type-post","status-publish","format-standard","has-post-thumbnail","hentry","category-informacje","tag-sgb","tag-slaska-gala-biesiadna"],"_links":{"self":[{"href":"https:\/\/boxmusic.com.pl\/index.php\/wp-json\/wp\/v2\/posts\/257","targetHints":{"allow":["GET"]}}],"collection":[{"href":"https:\/\/boxmusic.com.pl\/index.php\/wp-json\/wp\/v2\/posts"}],"about":[{"href":"https:\/\/boxmusic.com.pl\/index.php\/wp-json\/wp\/v2\/types\/post"}],"author":[{"embeddable":true,"href":"https:\/\/boxmusic.com.pl\/index.php\/wp-json\/wp\/v2\/users\/3"}],"replies":[{"embeddable":true,"href":"https:\/\/boxmusic.com.pl\/index.php\/wp-json\/wp\/v2\/comments?post=257"}],"version-history":[{"count":1,"href":"https:\/\/boxmusic.com.pl\/index.php\/wp-json\/wp\/v2\/posts\/257\/revisions"}],"predecessor-version":[{"id":261,"href":"https:\/\/boxmusic.com.pl\/index.php\/wp-json\/wp\/v2\/posts\/257\/revisions\/261"}],"wp:featuredmedia":[{"embeddable":true,"href":"https:\/\/boxmusic.com.pl\/index.php\/wp-json\/wp\/v2\/media\/260"}],"wp:attachment":[{"href":"https:\/\/boxmusic.com.pl\/index.php\/wp-json\/wp\/v2\/media?parent=257"}],"wp:term":[{"taxonomy":"category","embeddable":true,"href":"https:\/\/boxmusic.com.pl\/index.php\/wp-json\/wp\/v2\/categories?post=257"},{"taxonomy":"post_tag","embeddable":true,"href":"https:\/\/boxmusic.com.pl\/index.php\/wp-json\/wp\/v2\/tags?post=257"}],"curies":[{"name":"wp","href":"https:\/\/api.w.org\/{rel}","templated":true}]}}