{"id":2617,"date":"2023-09-28T03:42:33","date_gmt":"2023-09-28T01:42:33","guid":{"rendered":"https:\/\/boxmusic.com.pl\/?p=2617"},"modified":"2024-11-07T07:03:30","modified_gmt":"2024-11-07T06:03:30","slug":"jak-tam-na-radiowych-listach-przebojow-3","status":"publish","type":"post","link":"https:\/\/boxmusic.com.pl\/index.php\/2023\/09\/28\/jak-tam-na-radiowych-listach-przebojow-3\/","title":{"rendered":"Jak tam na radiowych listach przeboj\u00f3w?"},"content":{"rendered":"\n<p>Jak co tydzie\u0144 zagl\u0105damy na radiowe listy przeboj\u00f3w, by sprawdzi\u0107, jak radz\u0105 sobie na nich nasi zaprzyja\u017anieni Arty\u015bci. Od tego tygodnia dorzucamy tu list\u0119 z nowej internetowej rozg\u0142o\u015bni \u2013 Radia BEST.<\/p>\n\n\n\n<p>W Li\u015bcie \u015al\u0105skich Szlagier\u00f3w Radia SUD w top 10 na miejsce 4. Awansowali Aldona i Tim Fabian z piosenk\u0105 <em>R\u0119ce w g\u00f3r\u0119<\/em>. Na miejscu 8. Bernadeta Kowalska z piosenk\u0105 <em>\u015apiewaj z nami<\/em>.<\/p>\n\n\n\n<figure class=\"wp-block-embed is-type-video is-provider-youtube wp-block-embed-youtube wp-embed-aspect-16-9 wp-has-aspect-ratio\"><div class=\"wp-block-embed__wrapper\">\n<iframe loading=\"lazy\" title=\"Aldona &amp; Tim Fabian - R\u0119ce w G\u00f3r\u0119\" width=\"990\" height=\"557\" src=\"https:\/\/www.youtube.com\/embed\/RprGdT5OQfE?feature=oembed\" frameborder=\"0\" allow=\"accelerometer; autoplay; clipboard-write; encrypted-media; gyroscope; picture-in-picture; web-share\" allowfullscreen><\/iframe>\n<\/div><\/figure>\n\n\n\n<figure class=\"wp-block-embed is-type-video is-provider-youtube wp-block-embed-youtube wp-embed-aspect-16-9 wp-has-aspect-ratio\"><div class=\"wp-block-embed__wrapper\">\n<iframe loading=\"lazy\" title=\"Bernadeta Kowalska, \u015apiewaj z nami - Szlagierowo.pl\" width=\"990\" height=\"557\" src=\"https:\/\/www.youtube.com\/embed\/zcvvU4qtYkM?feature=oembed\" frameborder=\"0\" allow=\"accelerometer; autoplay; clipboard-write; encrypted-media; gyroscope; picture-in-picture; web-share\" allowfullscreen><\/iframe>\n<\/div><\/figure>\n\n\n\n<p>W Li\u015bcie No To Gromy Radia Piekary na szczycie kr\u00f3luje Chris Oxforduo z piosenk\u0105 <em>W sercach mi\u0142o\u015b\u0107 gra<\/em>, na 4. Aldona i Tim Fabian z utworem R\u0119ce w g\u00f3r\u0119, na 9. Miejscu Duet Karo z najnowsz\u0105 piosenk\u0105 <em>Powiedz mi<\/em>.<\/p>\n\n\n\n<figure class=\"wp-block-embed is-type-video is-provider-youtube wp-block-embed-youtube wp-embed-aspect-16-9 wp-has-aspect-ratio\"><div class=\"wp-block-embed__wrapper\">\n<iframe loading=\"lazy\" title=\"Chris OXFORDUO  W sercach mi\u0142o\u015b\u0107 gra\" width=\"990\" height=\"557\" src=\"https:\/\/www.youtube.com\/embed\/bmRoPdTcaCw?feature=oembed\" frameborder=\"0\" allow=\"accelerometer; autoplay; clipboard-write; encrypted-media; gyroscope; picture-in-picture; web-share\" allowfullscreen><\/iframe>\n<\/div><\/figure>\n\n\n\n<figure class=\"wp-block-embed is-type-video is-provider-youtube wp-block-embed-youtube wp-embed-aspect-16-9 wp-has-aspect-ratio\"><div class=\"wp-block-embed__wrapper\">\n<iframe loading=\"lazy\" title=\"DUET KARO - Powiedz mi (Official Video)\" width=\"990\" height=\"557\" src=\"https:\/\/www.youtube.com\/embed\/JrRQtF8jjms?feature=oembed\" frameborder=\"0\" allow=\"accelerometer; autoplay; clipboard-write; encrypted-media; gyroscope; picture-in-picture; web-share\" allowfullscreen><\/iframe>\n<\/div><\/figure>\n\n\n\n<p>W Szlagli\u015bcie Radia Silesia w propozycjach wci\u0105\u017c nowo\u015b\u0107 od Zespo\u0142u Banita Band \u2013 <em>Impreza<\/em>.<\/p>\n\n\n\n<p>W Szlagierowej BEST Li\u015bcie w top 20-stce na miejscu 15-stym Duet Karo z piosenk\u0105 <em>Powiedz mi,<\/em> na miejscu 20. Tim Fabian i Aldona z utworem <em>R\u0119ce w g\u00f3r\u0119<\/em>.<\/p>\n\n\n\n<p>Dzi\u0119kujemy w imieniu Artyst\u00f3w za Wasze g\u0142osy na Ich hity i liczymy na kolejne!<\/p>\n","protected":false},"excerpt":{"rendered":"<p>Jak co tydzie\u0144 zagl\u0105damy na radiowe listy przeboj\u00f3w, by sprawdzi\u0107, jak radz\u0105 sobie na nich nasi zaprzyja\u017anieni Arty\u015bci. Od tego &hellip; <a href=\"https:\/\/boxmusic.com.pl\/index.php\/2023\/09\/28\/jak-tam-na-radiowych-listach-przebojow-3\/\" class=\"more-link\"><span class=\"more-button\">Czytaj dalej<span class=\"screen-reader-text\">Jak tam na radiowych listach przeboj\u00f3w?<\/span><\/span><\/a><\/p>\n","protected":false},"author":3,"featured_media":109,"comment_status":"closed","ping_status":"closed","sticky":false,"template":"","format":"standard","meta":{"footnotes":""},"categories":[3],"tags":[],"class_list":["post-2617","post","type-post","status-publish","format-standard","has-post-thumbnail","hentry","category-informacje"],"_links":{"self":[{"href":"https:\/\/boxmusic.com.pl\/index.php\/wp-json\/wp\/v2\/posts\/2617","targetHints":{"allow":["GET"]}}],"collection":[{"href":"https:\/\/boxmusic.com.pl\/index.php\/wp-json\/wp\/v2\/posts"}],"about":[{"href":"https:\/\/boxmusic.com.pl\/index.php\/wp-json\/wp\/v2\/types\/post"}],"author":[{"embeddable":true,"href":"https:\/\/boxmusic.com.pl\/index.php\/wp-json\/wp\/v2\/users\/3"}],"replies":[{"embeddable":true,"href":"https:\/\/boxmusic.com.pl\/index.php\/wp-json\/wp\/v2\/comments?post=2617"}],"version-history":[{"count":1,"href":"https:\/\/boxmusic.com.pl\/index.php\/wp-json\/wp\/v2\/posts\/2617\/revisions"}],"predecessor-version":[{"id":2618,"href":"https:\/\/boxmusic.com.pl\/index.php\/wp-json\/wp\/v2\/posts\/2617\/revisions\/2618"}],"wp:featuredmedia":[{"embeddable":true,"href":"https:\/\/boxmusic.com.pl\/index.php\/wp-json\/wp\/v2\/media\/109"}],"wp:attachment":[{"href":"https:\/\/boxmusic.com.pl\/index.php\/wp-json\/wp\/v2\/media?parent=2617"}],"wp:term":[{"taxonomy":"category","embeddable":true,"href":"https:\/\/boxmusic.com.pl\/index.php\/wp-json\/wp\/v2\/categories?post=2617"},{"taxonomy":"post_tag","embeddable":true,"href":"https:\/\/boxmusic.com.pl\/index.php\/wp-json\/wp\/v2\/tags?post=2617"}],"curies":[{"name":"wp","href":"https:\/\/api.w.org\/{rel}","templated":true}]}}