{"id":2685,"date":"2023-12-05T23:33:14","date_gmt":"2023-12-05T22:33:14","guid":{"rendered":"https:\/\/boxmusic.com.pl\/?p=2685"},"modified":"2024-11-07T07:03:33","modified_gmt":"2024-11-07T06:03:33","slug":"w-klimatach-gorniczych","status":"publish","type":"post","link":"https:\/\/boxmusic.com.pl\/index.php\/2023\/12\/05\/w-klimatach-gorniczych\/","title":{"rendered":"W klimatach g\u00f3rniczych"},"content":{"rendered":"\n<p><strong>Barb\u00f3rka jest w naszym Regionie szczeg\u00f3lnie wa\u017cnym \u015awi\u0119tem \u2013 w ko\u0144cu \u015al\u0105sk od zawsze kojarzony by\u0142 z kopalniami. Teraz jest ich niewiele, ale tradycja trwa\u2026<\/strong><\/p>\n\n\n\n<p>Na naszych kana\u0142ach znajdziecie sporo propozycji zwi\u0105zanych z g\u00f3rnictwem i tradycjami g\u00f3rniczymi. Kolejn\u0105, bardzo optymistyczn\u0105 propozycj\u0105 jest radosny kawa\u0142ek Zespo\u0142u Hanys Bynd \u2013 <em>Barb\u00f3rka<\/em>. Kawa\u0142ek zdecydowanie adekwatny do optymistycznego wymiaru tego tradycyjnego \u015awi\u0119ta.<\/p>\n\n\n\n<figure class=\"wp-block-embed is-type-video is-provider-youtube wp-block-embed-youtube wp-embed-aspect-16-9 wp-has-aspect-ratio\"><div class=\"wp-block-embed__wrapper\">\n<iframe loading=\"lazy\" title=\"Hanys Bynd - Barb\u00f3rka\" width=\"990\" height=\"557\" src=\"https:\/\/www.youtube.com\/embed\/4KJq8QsFFek?feature=oembed\" frameborder=\"0\" allow=\"accelerometer; autoplay; clipboard-write; encrypted-media; gyroscope; picture-in-picture; web-share\" allowfullscreen><\/iframe>\n<\/div><\/figure>\n\n\n\n<p>Optymistycznie, a wr\u0119cz z przymru\u017ceniem oka akcenty g\u00f3rnicze w swojej propozycji przemyci\u0142 te\u017c Kabaret Rak \u2013 mowa o piosence <em>Czas relaksu<\/em>. Legendarny utw\u00f3r Andrzeja Rybi\u0144skiego, Kabaret nagra\u0142 w swojej barwnej wersji, zaprosi\u0142 do udzia\u0142u Wykonawc\u0119 Orygina\u0142u, a teledysk nagra\u0142 w Kopalni\u2026 Propozycja swego czasu zrobi\u0142a wr\u0119cz furor\u0119.<\/p>\n\n\n\n<figure class=\"wp-block-embed is-type-video is-provider-youtube wp-block-embed-youtube wp-embed-aspect-16-9 wp-has-aspect-ratio\"><div class=\"wp-block-embed__wrapper\">\n<iframe loading=\"lazy\" title=\"Kabaret RAK i Andrzej Rybi\u0144ski - Czas relaksu\" width=\"990\" height=\"557\" src=\"https:\/\/www.youtube.com\/embed\/lv6DZCn6lo0?feature=oembed\" frameborder=\"0\" allow=\"accelerometer; autoplay; clipboard-write; encrypted-media; gyroscope; picture-in-picture; web-share\" allowfullscreen><\/iframe>\n<\/div><\/figure>\n\n\n\n<p>Sporo g\u00f3rniczych akcent\u00f3w znajdziecie te\u017c w legendarnej piosence <em>Gorzkie dymy<\/em> \u2013 jedna z najpi\u0119kniejszych piosenek o naszym Regionie nawi\u0105zuje w\u0142a\u015bnie do tradycji g\u00f3rniczych. Na naszym kanale znajdziecie j\u0105 w dw\u00f3ch wersjach.<\/p>\n\n\n\n<figure class=\"wp-block-embed is-type-video is-provider-youtube wp-block-embed-youtube wp-embed-aspect-16-9 wp-has-aspect-ratio\"><div class=\"wp-block-embed__wrapper\">\n<iframe loading=\"lazy\" title=\"Piotr Kupicha, Grzegorz Poloczek, Krzysztof Respondek - Gorzkie dymy\" width=\"990\" height=\"557\" src=\"https:\/\/www.youtube.com\/embed\/SRn_3qt3k2o?feature=oembed\" frameborder=\"0\" allow=\"accelerometer; autoplay; clipboard-write; encrypted-media; gyroscope; picture-in-picture; web-share\" allowfullscreen><\/iframe>\n<\/div><\/figure>\n","protected":false},"excerpt":{"rendered":"<p>Barb\u00f3rka jest w naszym Regionie szczeg\u00f3lnie wa\u017cnym \u015awi\u0119tem \u2013 w ko\u0144cu \u015al\u0105sk od zawsze kojarzony by\u0142 z kopalniami. Teraz jest &hellip; <a href=\"https:\/\/boxmusic.com.pl\/index.php\/2023\/12\/05\/w-klimatach-gorniczych\/\" class=\"more-link\"><span class=\"more-button\">Czytaj dalej<span class=\"screen-reader-text\">W klimatach g\u00f3rniczych<\/span><\/span><\/a><\/p>\n","protected":false},"author":3,"featured_media":2686,"comment_status":"closed","ping_status":"closed","sticky":false,"template":"","format":"standard","meta":{"footnotes":""},"categories":[3],"tags":[],"class_list":["post-2685","post","type-post","status-publish","format-standard","has-post-thumbnail","hentry","category-informacje"],"_links":{"self":[{"href":"https:\/\/boxmusic.com.pl\/index.php\/wp-json\/wp\/v2\/posts\/2685","targetHints":{"allow":["GET"]}}],"collection":[{"href":"https:\/\/boxmusic.com.pl\/index.php\/wp-json\/wp\/v2\/posts"}],"about":[{"href":"https:\/\/boxmusic.com.pl\/index.php\/wp-json\/wp\/v2\/types\/post"}],"author":[{"embeddable":true,"href":"https:\/\/boxmusic.com.pl\/index.php\/wp-json\/wp\/v2\/users\/3"}],"replies":[{"embeddable":true,"href":"https:\/\/boxmusic.com.pl\/index.php\/wp-json\/wp\/v2\/comments?post=2685"}],"version-history":[{"count":1,"href":"https:\/\/boxmusic.com.pl\/index.php\/wp-json\/wp\/v2\/posts\/2685\/revisions"}],"predecessor-version":[{"id":2687,"href":"https:\/\/boxmusic.com.pl\/index.php\/wp-json\/wp\/v2\/posts\/2685\/revisions\/2687"}],"wp:featuredmedia":[{"embeddable":true,"href":"https:\/\/boxmusic.com.pl\/index.php\/wp-json\/wp\/v2\/media\/2686"}],"wp:attachment":[{"href":"https:\/\/boxmusic.com.pl\/index.php\/wp-json\/wp\/v2\/media?parent=2685"}],"wp:term":[{"taxonomy":"category","embeddable":true,"href":"https:\/\/boxmusic.com.pl\/index.php\/wp-json\/wp\/v2\/categories?post=2685"},{"taxonomy":"post_tag","embeddable":true,"href":"https:\/\/boxmusic.com.pl\/index.php\/wp-json\/wp\/v2\/tags?post=2685"}],"curies":[{"name":"wp","href":"https:\/\/api.w.org\/{rel}","templated":true}]}}