{"id":2724,"date":"2023-12-17T03:54:32","date_gmt":"2023-12-17T02:54:32","guid":{"rendered":"https:\/\/boxmusic.com.pl\/?p=2724"},"modified":"2024-11-07T07:03:34","modified_gmt":"2024-11-07T06:03:34","slug":"w-poniedzialek-smutna-rocznica","status":"publish","type":"post","link":"https:\/\/boxmusic.com.pl\/index.php\/2023\/12\/17\/w-poniedzialek-smutna-rocznica\/","title":{"rendered":"W poniedzia\u0142ek smutna rocznica"},"content":{"rendered":"\n<p><strong>Za kilka dni \u015awi\u0119ta Bo\u017cego Narodzenia \u2013 czas rado\u015bci, \u015bwi\u0119towania, czasu sp\u0119dzonego z Bliskimi. Jednocze\u015bnie dla wielu z nas to te\u017c czas refleksji i wspomnie\u0144 Tych, kt\u00f3rych ju\u017c niestety zabrak\u0142o obok nas\u2026 18 grudnia mija Rocznica \u015amierci Za\u0142o\u017cyciela Firmy Box Music \u2013 Bogdana Tyca.<\/strong><\/p>\n\n\n\n<figure class=\"wp-block-image size-large\"><img loading=\"lazy\" decoding=\"async\" width=\"1024\" height=\"682\" src=\"https:\/\/boxmusic.com.pl\/wp-content\/uploads\/2023\/12\/Bogdan-Tyc-1024x682.jpg\" alt=\"\" class=\"wp-image-2725\" srcset=\"https:\/\/boxmusic.com.pl\/wp-content\/uploads\/2023\/12\/Bogdan-Tyc-1024x682.jpg 1024w, https:\/\/boxmusic.com.pl\/wp-content\/uploads\/2023\/12\/Bogdan-Tyc-300x200.jpg 300w, https:\/\/boxmusic.com.pl\/wp-content\/uploads\/2023\/12\/Bogdan-Tyc-768x511.jpg 768w, https:\/\/boxmusic.com.pl\/wp-content\/uploads\/2023\/12\/Bogdan-Tyc-990x660.jpg 990w, https:\/\/boxmusic.com.pl\/wp-content\/uploads\/2023\/12\/Bogdan-Tyc-24x16.jpg 24w, https:\/\/boxmusic.com.pl\/wp-content\/uploads\/2023\/12\/Bogdan-Tyc-36x24.jpg 36w, https:\/\/boxmusic.com.pl\/wp-content\/uploads\/2023\/12\/Bogdan-Tyc-48x32.jpg 48w, https:\/\/boxmusic.com.pl\/wp-content\/uploads\/2023\/12\/Bogdan-Tyc.jpg 1500w\" sizes=\"auto, (max-width: 1024px) 100vw, 1024px\" \/><\/figure>\n\n\n\n<p>A\u017c trudno uwierzy\u0107, \u017ce to ju\u017c 3 lata. To by\u0142 wyj\u0105tkowo trudny czas \u2013 szalej\u0105ca pandemia, zwi\u0105zany z ni\u0105 ekstremalny kryzys w kulturze, w tym na naszym \u015bl\u0105skim rynku wydawniczym\u2026 Bogdan Tyc od wielu miesi\u0119cy ci\u0119\u017cko chorowa\u0142, niemniej nikt nie spodziewa\u0142 si\u0119, smutnego, tragicznego ko\u0144ca\u2026<\/p>\n\n\n\n<p>Bogdan Tyc by\u0142 za\u0142o\u017cycielem i Szefem Wydawnictwa Box Music \u2013 Wydawc\u0105, Producentem Muzycznym, Pomys\u0142odawc\u0105 i Organizatorem wielu koncert\u00f3w, Tw\u00f3rc\u0105 program\u00f3w Telewizyjnych i Radiowych.<\/p>\n\n\n\n<figure class=\"wp-block-image size-large\"><img loading=\"lazy\" decoding=\"async\" width=\"884\" height=\"1024\" src=\"https:\/\/boxmusic.com.pl\/wp-content\/uploads\/2023\/10\/bogdan-tyc-zzz-884x1024.jpg\" alt=\"\" class=\"wp-image-2637\" srcset=\"https:\/\/boxmusic.com.pl\/wp-content\/uploads\/2023\/10\/bogdan-tyc-zzz-884x1024.jpg 884w, https:\/\/boxmusic.com.pl\/wp-content\/uploads\/2023\/10\/bogdan-tyc-zzz-259x300.jpg 259w, https:\/\/boxmusic.com.pl\/wp-content\/uploads\/2023\/10\/bogdan-tyc-zzz-768x889.jpg 768w, https:\/\/boxmusic.com.pl\/wp-content\/uploads\/2023\/10\/bogdan-tyc-zzz-570x660.jpg 570w, https:\/\/boxmusic.com.pl\/wp-content\/uploads\/2023\/10\/bogdan-tyc-zzz-21x24.jpg 21w, https:\/\/boxmusic.com.pl\/wp-content\/uploads\/2023\/10\/bogdan-tyc-zzz-31x36.jpg 31w, https:\/\/boxmusic.com.pl\/wp-content\/uploads\/2023\/10\/bogdan-tyc-zzz-41x48.jpg 41w, https:\/\/boxmusic.com.pl\/wp-content\/uploads\/2023\/10\/bogdan-tyc-zzz.jpg 1000w\" sizes=\"auto, (max-width: 884px) 100vw, 884px\" \/><\/figure>\n\n\n\n<p>Z muzyk\u0105 Bogdan Tyc zwi\u0105zany by\u0142 od zawsze \u2013 w m\u0142odo\u015bci jako DJ (co za czas\u00f3w poprzedniego ustroju bynajmniej nie by\u0142o takie \u0142atwe, gdy\u017c wymaga\u0142o Pa\u0144stwowego Egzaminu). W latach 90\u2019 Bogdan Tyc za\u0142o\u017cy\u0142 Wydawnictwo Box Music. Pocz\u0105tkowo wydawnictwo ukierunkowane by\u0142o na Artyst\u00f3w znanych ze scen og\u00f3lnopolskich (reprezentuj\u0105cych r\u00f3\u017cne gatunki \u2013 jak pop, rock, blues, a nawet opera) \u2013 zar\u00f3wno Gwiazdy obecne na scenie od lat (jak cho\u0107by R\u00f3\u017ce Europy czy Wanda i Banda), jak te\u017c wylansowa\u0142o nowe Zespo\u0142y, w tym legendarny Zesp\u00f3\u0142 Sami, w kt\u00f3rym swoje pierwsze kroki stawia\u0142 Piotr Kupicha (sk\u0105din\u0105d Bogdan mia\u0142 nieco wsp\u00f3lnego z powstaniem nazwy tego\u017c Zespo\u0142u \u2013 aczkolwiek, by\u0142 to efekt uboczny). Z ciekawostek mo\u017cemy doda\u0107, i\u017c Producent pojawi\u0142 si\u0119 nawet go\u015bcinnie w pierwszej wersji clipu <em>Lato<\/em> Zespo\u0142u Sami.<\/p>\n\n\n\n<figure class=\"wp-block-embed is-type-video is-provider-youtube wp-block-embed-youtube wp-embed-aspect-4-3 wp-has-aspect-ratio\"><div class=\"wp-block-embed__wrapper\">\n<iframe loading=\"lazy\" title=\"Sami  - Lato 2000 (official music video) - pierwsza wersja\" width=\"990\" height=\"743\" src=\"https:\/\/www.youtube.com\/embed\/38uXThSympg?feature=oembed\" frameborder=\"0\" allow=\"accelerometer; autoplay; clipboard-write; encrypted-media; gyroscope; picture-in-picture; web-share\" allowfullscreen><\/iframe>\n<\/div><\/figure>\n\n\n\n<p>Kilka p\u0142yt wydanych nak\u0142adem Wydawnictwa Box Music pokry\u0142o si\u0119 z\u0142otem.<\/p>\n\n\n\n<p>Na pocz\u0105tku kolejnej dekady Wydawnictwo Box Music zainteresowa\u0142o si\u0119 rozwijaj\u0105cym si\u0119 rynkiem tzw. muzyki szlagierowej \u2013 bardzo szybko nawi\u0105zuj\u0105c wsp\u00f3\u0142prac\u0119 z czo\u0142owymi nazwiskami tego\u017c rynku, jak te\u017c maj\u0105c ogromny wk\u0142ad w wylansowanie nowych artyst\u00f3w, wydaj\u0105c dziesi\u0105tki p\u0142yt, ciesz\u0105cych si\u0119 nies\u0142abn\u0105c\u0105 popularno\u015bci\u0105. \u015amia\u0142o mo\u017cna powiedzie\u0107, \u017ce w kr\u00f3tkim czasie Bogdan Tyc zosta\u0142 jednym z g\u0142\u00f3wnych kreator\u00f3w naszej sceny muzycznej, maj\u0105c ogromny wp\u0142yw na jej kszta\u0142t. Mo\u017cemy tu wymieni\u0107 cho\u0107by takie nazwiska i Zespo\u0142y, jak: Duet Karo, Damian Holecki, Grzegorz Poloczek, Bernadeta Kowalska, Ed\u2019Mans, EMI Band, Andy &amp; Lucia, Mona Lisa, New For You, Weronika, Tim Fabian i wielu, wielu innych. Wydawnictwo wsp\u00f3\u0142pracowa\u0142o te\u017c z licznymi mediami (Telewizje TVS, TVP3 Katowice, TVP, Radio Piekary, Radio FEST), jak te\u017c innymi Wydawnictwami dzia\u0142aj\u0105cymi w naszym Regionie.<\/p>\n\n\n\n<figure class=\"wp-block-image size-full is-resized\"><img loading=\"lazy\" decoding=\"async\" width=\"550\" height=\"272\" src=\"https:\/\/boxmusic.com.pl\/wp-content\/uploads\/2023\/07\/Bogdan-Tyc-1-Kopia-edited.jpg\" alt=\"\" class=\"wp-image-2494\" style=\"width:498px;height:auto\" srcset=\"https:\/\/boxmusic.com.pl\/wp-content\/uploads\/2023\/07\/Bogdan-Tyc-1-Kopia-edited.jpg 550w, https:\/\/boxmusic.com.pl\/wp-content\/uploads\/2023\/07\/Bogdan-Tyc-1-Kopia-edited-300x148.jpg 300w, https:\/\/boxmusic.com.pl\/wp-content\/uploads\/2023\/07\/Bogdan-Tyc-1-Kopia-edited-24x12.jpg 24w, https:\/\/boxmusic.com.pl\/wp-content\/uploads\/2023\/07\/Bogdan-Tyc-1-Kopia-edited-36x18.jpg 36w, https:\/\/boxmusic.com.pl\/wp-content\/uploads\/2023\/07\/Bogdan-Tyc-1-Kopia-edited-48x24.jpg 48w\" sizes=\"auto, (max-width: 550px) 100vw, 550px\" \/><\/figure>\n\n\n\n<p>Bogdan Tyc by\u0142 Pomys\u0142odawc\u0105 i Wsp\u00f3\u0142tw\u00f3rc\u0105 programu <em>My Wam to zagramy<\/em> emitowanego w TVS i ciesz\u0105cego si\u0119 ogromn\u0105 popularno\u015bci\u0105, by\u0142 te\u017c zaanga\u017cowany w kilka innych produkcji telewizyjnych i radiowych. Bogdan by\u0142 r\u00f3wnie\u017c Pomys\u0142odawc\u0105, Scenarzyst\u0105 i Prowadz\u0105cym Autorskiej Audycji <em>Zagramy to jeszcze raz<\/em> w Radiu Piekary. Z ciekawostek musimy doda\u0107, \u017ce Bogdan od czasu do czasu pisa\u0142 te\u017c teksty piosenek \u2013 i to ze sporym powodzeniem.<\/p>\n\n\n\n<p>Bogdan Tyc by\u0142 te\u017c pomys\u0142odawc\u0105 oraz inicjatorem wielu wyj\u0105tkowych oraz presti\u017cowych imprez muzycznych, koncert\u00f3w i tras koncertowych z udzia\u0142em Gwiazd Polskiej, a nawet \u015awiatowej Sceny muzycznej (to w\u0142a\u015bnie na organizowanym przez Bogdana Tyca koncercie z Okazji 20-lecia Radia Piekary po raz pierwszy w Polsce wyst\u0105pi\u0142 F.R. David \u2013 znany m.in. z legendarnego hitu <em>Words<\/em> i wielu innych przeboj\u00f3w; na wielu \u015al\u0105skich Galach Biesiadnych go\u015bcinnie pojawiali si\u0119 tacy Arty\u015bci, jak Krzysztof Krawczyk, Eleni, Andrzej Rybi\u0144ski, Piotr Kupicha, Stachursky). Producent by\u0142 te\u017c jednym z Pomys\u0142odawc\u00f3w i Wsp\u00f3\u0142organizator\u00f3w wspomnianej wy\u017cej <em>\u015al\u0105skiej Gali Biesiadnej<\/em>, kt\u00f3r\u0105 w kolejnych latach Wydawnictwo Box Music z powodzeniem organizowa\u0142o samodzielnie \u2013 z ogromnym powodzeniem.<\/p>\n\n\n\n<figure class=\"wp-block-image size-large is-resized\"><img loading=\"lazy\" decoding=\"async\" width=\"775\" height=\"1024\" src=\"https:\/\/boxmusic.com.pl\/wp-content\/uploads\/2023\/12\/SGB-11.05.2019-8z-775x1024.jpg\" alt=\"\" class=\"wp-image-2726\" style=\"width:719px;height:auto\" srcset=\"https:\/\/boxmusic.com.pl\/wp-content\/uploads\/2023\/12\/SGB-11.05.2019-8z-775x1024.jpg 775w, https:\/\/boxmusic.com.pl\/wp-content\/uploads\/2023\/12\/SGB-11.05.2019-8z-227x300.jpg 227w, https:\/\/boxmusic.com.pl\/wp-content\/uploads\/2023\/12\/SGB-11.05.2019-8z-768x1015.jpg 768w, https:\/\/boxmusic.com.pl\/wp-content\/uploads\/2023\/12\/SGB-11.05.2019-8z-1162x1536.jpg 1162w, https:\/\/boxmusic.com.pl\/wp-content\/uploads\/2023\/12\/SGB-11.05.2019-8z-1550x2048.jpg 1550w, https:\/\/boxmusic.com.pl\/wp-content\/uploads\/2023\/12\/SGB-11.05.2019-8z-499x660.jpg 499w, https:\/\/boxmusic.com.pl\/wp-content\/uploads\/2023\/12\/SGB-11.05.2019-8z-18x24.jpg 18w, https:\/\/boxmusic.com.pl\/wp-content\/uploads\/2023\/12\/SGB-11.05.2019-8z-27x36.jpg 27w, https:\/\/boxmusic.com.pl\/wp-content\/uploads\/2023\/12\/SGB-11.05.2019-8z-36x48.jpg 36w, https:\/\/boxmusic.com.pl\/wp-content\/uploads\/2023\/12\/SGB-11.05.2019-8z.jpg 1816w\" sizes=\"auto, (max-width: 775px) 100vw, 775px\" \/><\/figure>\n","protected":false},"excerpt":{"rendered":"<p>Za kilka dni \u015awi\u0119ta Bo\u017cego Narodzenia \u2013 czas rado\u015bci, \u015bwi\u0119towania, czasu sp\u0119dzonego z Bliskimi. Jednocze\u015bnie dla wielu z nas to &hellip; <a href=\"https:\/\/boxmusic.com.pl\/index.php\/2023\/12\/17\/w-poniedzialek-smutna-rocznica\/\" class=\"more-link\"><span class=\"more-button\">Czytaj dalej<span class=\"screen-reader-text\">W poniedzia\u0142ek smutna rocznica<\/span><\/span><\/a><\/p>\n","protected":false},"author":3,"featured_media":1621,"comment_status":"closed","ping_status":"closed","sticky":false,"template":"","format":"standard","meta":{"footnotes":""},"categories":[3],"tags":[],"class_list":["post-2724","post","type-post","status-publish","format-standard","has-post-thumbnail","hentry","category-informacje"],"_links":{"self":[{"href":"https:\/\/boxmusic.com.pl\/index.php\/wp-json\/wp\/v2\/posts\/2724","targetHints":{"allow":["GET"]}}],"collection":[{"href":"https:\/\/boxmusic.com.pl\/index.php\/wp-json\/wp\/v2\/posts"}],"about":[{"href":"https:\/\/boxmusic.com.pl\/index.php\/wp-json\/wp\/v2\/types\/post"}],"author":[{"embeddable":true,"href":"https:\/\/boxmusic.com.pl\/index.php\/wp-json\/wp\/v2\/users\/3"}],"replies":[{"embeddable":true,"href":"https:\/\/boxmusic.com.pl\/index.php\/wp-json\/wp\/v2\/comments?post=2724"}],"version-history":[{"count":1,"href":"https:\/\/boxmusic.com.pl\/index.php\/wp-json\/wp\/v2\/posts\/2724\/revisions"}],"predecessor-version":[{"id":2727,"href":"https:\/\/boxmusic.com.pl\/index.php\/wp-json\/wp\/v2\/posts\/2724\/revisions\/2727"}],"wp:featuredmedia":[{"embeddable":true,"href":"https:\/\/boxmusic.com.pl\/index.php\/wp-json\/wp\/v2\/media\/1621"}],"wp:attachment":[{"href":"https:\/\/boxmusic.com.pl\/index.php\/wp-json\/wp\/v2\/media?parent=2724"}],"wp:term":[{"taxonomy":"category","embeddable":true,"href":"https:\/\/boxmusic.com.pl\/index.php\/wp-json\/wp\/v2\/categories?post=2724"},{"taxonomy":"post_tag","embeddable":true,"href":"https:\/\/boxmusic.com.pl\/index.php\/wp-json\/wp\/v2\/tags?post=2724"}],"curies":[{"name":"wp","href":"https:\/\/api.w.org\/{rel}","templated":true}]}}