{"id":2951,"date":"2024-06-05T02:53:15","date_gmt":"2024-06-05T00:53:15","guid":{"rendered":"https:\/\/boxmusic.com.pl\/?p=2951"},"modified":"2024-11-07T07:03:33","modified_gmt":"2024-11-07T06:03:33","slug":"artysci-tez-kiedys-byli-dziecmi","status":"publish","type":"post","link":"https:\/\/boxmusic.com.pl\/index.php\/2024\/06\/05\/artysci-tez-kiedys-byli-dziecmi\/","title":{"rendered":"Arty\u015bci te\u017c kiedy\u015b byli dzie\u0107mi ;)"},"content":{"rendered":"\n<p><strong>Nawi\u0105zuj\u0105c do niedawnego Dnia Dziecka, tym razem cofniemy si\u0119 nieco w przesz\u0142o\u015b\u0107\u2026 Do kiedy \u2013 do pocz\u0105tk\u00f3w muzycznej drogi zaprzyja\u017anionych z nami Artyst\u00f3w. Jak si\u0119 okazuje cz\u0119\u015b\u0107 z nich swoj\u0105 muzyczn\u0105 drog\u0119 rozpocz\u0119\u0142o jeszcze w latach przedszkolnych.<\/strong><\/p>\n\n\n\n<p>Spogl\u0105daj\u0105c na szlagierowy rynek muzyczny, wi\u0119kszo\u015b\u0107 z nas my\u015bli o raczej dojrza\u0142ych Artystach \u2013 kt\u00f3rzy swoj\u0105 medialn\u0105 karier\u0119 rozpoczynali jako doro\u015bli ludzie, cz\u0119sto samymi b\u0119d\u0105c ju\u017c rodzicami doros\u0142ych dzieci\u2026 Nie ka\u017cdy jednak wie, \u017ce wielu z nich z muzyk\u0105 zwi\u0105zanych jest od wczesnego dzieci\u0144stwa\u2026<\/p>\n\n\n\n<p>Tim Fabian, cho\u0107 na naszej scenie debiutowa\u0142 dopiero 6-7 lat temu, tak naprawd\u0119 \u015bpiewa od 6-tego roku \u017cycia. Nie wszyscy wiedz\u0105, \u017ce przed wyjazdem z Rodzicami i Siostr\u0105 do Niemiec, \u015bpiewa\u0142 nawet w Zespole Mniejsza O To dzia\u0142aj\u0105cym w Chorzowie Batorym (rodzinne miasto Artysty). Podobno Tim robi\u0142 furor\u0119, gdy jako 6-latek \u015bpiewa\u0142 o\u2026 kaczuszce.<\/p>\n\n\n\n<figure class=\"wp-block-embed is-type-video is-provider-youtube wp-block-embed-youtube wp-embed-aspect-16-9 wp-has-aspect-ratio\"><div class=\"wp-block-embed__wrapper\">\n<iframe loading=\"lazy\" title=\"Tim Fabian - Aniele m\u00f3j\" width=\"990\" height=\"557\" src=\"https:\/\/www.youtube.com\/embed\/7YjoBJqihWE?feature=oembed\" frameborder=\"0\" allow=\"accelerometer; autoplay; clipboard-write; encrypted-media; gyroscope; picture-in-picture; web-share\" referrerpolicy=\"strict-origin-when-cross-origin\" allowfullscreen><\/iframe>\n<\/div><\/figure>\n\n\n\n<p>Mirek Szo\u0142tysek z muzyk\u0105 zwi\u0105zany jest te\u017c od zawsze\u2026 Co ciekawe, pocz\u0105tki Jego muzycznej drogi rozpocz\u0119\u0142y si\u0119 troszk\u0119 przypadkowo, bo od czas\u00f3w, gdy by\u0142 ministrantem w rodzinnej parafii (r\u00f3wnie\u017c w Chorzowie Batorym) \u2013 tu akurat zdolno\u015bci muzyczne odkry\u0142 ksi\u0105dz proboszcz, kt\u00f3ry nak\u0142oni\u0142 Rodzic\u00f3w Mirka do rozwijania muzycznych zdolno\u015bci Syna.<\/p>\n\n\n\n<figure class=\"wp-block-embed is-type-video is-provider-youtube wp-block-embed-youtube wp-embed-aspect-16-9 wp-has-aspect-ratio\"><div class=\"wp-block-embed__wrapper\">\n<iframe loading=\"lazy\" title=\"Mirek Szo\u0142tysek - Jedyn u\u015bmiech   (koncert)\" width=\"990\" height=\"557\" src=\"https:\/\/www.youtube.com\/embed\/4ts1zupSGC0?feature=oembed\" frameborder=\"0\" allow=\"accelerometer; autoplay; clipboard-write; encrypted-media; gyroscope; picture-in-picture; web-share\" referrerpolicy=\"strict-origin-when-cross-origin\" allowfullscreen><\/iframe>\n<\/div><\/figure>\n","protected":false},"excerpt":{"rendered":"<p>Nawi\u0105zuj\u0105c do niedawnego Dnia Dziecka, tym razem cofniemy si\u0119 nieco w przesz\u0142o\u015b\u0107\u2026 Do kiedy \u2013 do pocz\u0105tk\u00f3w muzycznej drogi zaprzyja\u017anionych &hellip; <a href=\"https:\/\/boxmusic.com.pl\/index.php\/2024\/06\/05\/artysci-tez-kiedys-byli-dziecmi\/\" class=\"more-link\"><span class=\"more-button\">Czytaj dalej<span class=\"screen-reader-text\">Arty\u015bci te\u017c kiedy\u015b byli dzie\u0107mi \ud83d\ude09<\/span><\/span><\/a><\/p>\n","protected":false},"author":3,"featured_media":2165,"comment_status":"closed","ping_status":"closed","sticky":false,"template":"","format":"standard","meta":{"footnotes":""},"categories":[3],"tags":[],"class_list":["post-2951","post","type-post","status-publish","format-standard","has-post-thumbnail","hentry","category-informacje"],"_links":{"self":[{"href":"https:\/\/boxmusic.com.pl\/index.php\/wp-json\/wp\/v2\/posts\/2951","targetHints":{"allow":["GET"]}}],"collection":[{"href":"https:\/\/boxmusic.com.pl\/index.php\/wp-json\/wp\/v2\/posts"}],"about":[{"href":"https:\/\/boxmusic.com.pl\/index.php\/wp-json\/wp\/v2\/types\/post"}],"author":[{"embeddable":true,"href":"https:\/\/boxmusic.com.pl\/index.php\/wp-json\/wp\/v2\/users\/3"}],"replies":[{"embeddable":true,"href":"https:\/\/boxmusic.com.pl\/index.php\/wp-json\/wp\/v2\/comments?post=2951"}],"version-history":[{"count":1,"href":"https:\/\/boxmusic.com.pl\/index.php\/wp-json\/wp\/v2\/posts\/2951\/revisions"}],"predecessor-version":[{"id":2952,"href":"https:\/\/boxmusic.com.pl\/index.php\/wp-json\/wp\/v2\/posts\/2951\/revisions\/2952"}],"wp:featuredmedia":[{"embeddable":true,"href":"https:\/\/boxmusic.com.pl\/index.php\/wp-json\/wp\/v2\/media\/2165"}],"wp:attachment":[{"href":"https:\/\/boxmusic.com.pl\/index.php\/wp-json\/wp\/v2\/media?parent=2951"}],"wp:term":[{"taxonomy":"category","embeddable":true,"href":"https:\/\/boxmusic.com.pl\/index.php\/wp-json\/wp\/v2\/categories?post=2951"},{"taxonomy":"post_tag","embeddable":true,"href":"https:\/\/boxmusic.com.pl\/index.php\/wp-json\/wp\/v2\/tags?post=2951"}],"curies":[{"name":"wp","href":"https:\/\/api.w.org\/{rel}","templated":true}]}}