{"id":2953,"date":"2024-06-11T02:55:40","date_gmt":"2024-06-11T00:55:40","guid":{"rendered":"https:\/\/boxmusic.com.pl\/?p=2953"},"modified":"2024-11-07T07:03:33","modified_gmt":"2024-11-07T06:03:33","slug":"dawno-temu-czyli-artysci-tez-byli-dziecmi","status":"publish","type":"post","link":"https:\/\/boxmusic.com.pl\/index.php\/2024\/06\/11\/dawno-temu-czyli-artysci-tez-byli-dziecmi\/","title":{"rendered":"Dawno temu &#8211; czyli Arty\u015bci te\u017c byli dzie\u0107mi"},"content":{"rendered":"\n<p><strong>W czerwcu stawiamy na dalekie podr\u00f3\u017ce w czasie\u2026 Jak dalekie \u2013 do dzieci\u0144stwa zaprzyja\u017anionych z nami Artyst\u00f3w i pocz\u0105tk\u00f3w ich artystycznej drogi\u2026<\/strong><\/p>\n\n\n\n<p>Swoje pierwsze kroki na scenie ju\u017c w czasach przedszkolnych, czy wr\u0119cz przedprzedszkolnych, stawia\u0142a jest Justyna Sosna, czyli Jula z Duetu Kola i Jula. Artystka wywodz\u0105ca si\u0119 z bardzo muzykalnej Rodziny, cz\u0119sto towarzyszy\u0142a Mamie podczas pracy. Jak Jula kiedy\u015b sama wspomnia\u0142a, ju\u017c jako kilkulatka mia\u0142a okazj\u0119 wyst\u0105pi\u0107 na scenie \u2013 bior\u0105c udzia\u0142 w konkursie. R\u00f3wnie\u017c pocz\u0105tki profesjonalnej kariery Juli si\u0119gaj\u0105 Jej nastoletnich czas\u00f3w \u2013 gdzie zn\u00f3w przy okazji konkursu trafi\u0142a do Grupy J\u00f3zefa Poloka.<\/p>\n\n\n\n<figure class=\"wp-block-embed is-type-video is-provider-youtube wp-block-embed-youtube wp-embed-aspect-16-9 wp-has-aspect-ratio\"><div class=\"wp-block-embed__wrapper\">\n<iframe loading=\"lazy\" title=\"Kola &amp; Jula - Niych w koncu przidzie\" width=\"990\" height=\"557\" src=\"https:\/\/www.youtube.com\/embed\/FUjMurkp1zw?feature=oembed\" frameborder=\"0\" allow=\"accelerometer; autoplay; clipboard-write; encrypted-media; gyroscope; picture-in-picture; web-share\" referrerpolicy=\"strict-origin-when-cross-origin\" allowfullscreen><\/iframe>\n<\/div><\/figure>\n\n\n\n<p>R\u00f3wnie\u017c Artystka, kt\u00f3ra mia\u0142a okazj\u0119 czasami go\u015bcinnie z nami wsp\u00f3\u0142pracowa\u0107 \u2013 pojawiaj\u0105c si\u0119 m.in. na \u015al\u0105skiej Gali Biesiadnej \u2013 Claudia Chwo\u0142ka, swoj\u0105 karier\u0119 rozpoczyna\u0142a ju\u017c jako kilkulatka. Zdecydowanie Claudia sta\u0142a si\u0119 najpopularniejsz\u0105 m\u0142od\u0105 Artystk\u0105 naszej Sceny.<\/p>\n\n\n\n<figure class=\"wp-block-embed is-type-video is-provider-youtube wp-block-embed-youtube wp-embed-aspect-16-9 wp-has-aspect-ratio\"><div class=\"wp-block-embed__wrapper\">\n<iframe loading=\"lazy\" title=\"Claudia i Kasia Chwo\u0142ka  - Z nomi biesiada\" width=\"990\" height=\"557\" src=\"https:\/\/www.youtube.com\/embed\/hr73ThJTFpA?feature=oembed\" frameborder=\"0\" allow=\"accelerometer; autoplay; clipboard-write; encrypted-media; gyroscope; picture-in-picture; web-share\" referrerpolicy=\"strict-origin-when-cross-origin\" allowfullscreen><\/iframe>\n<\/div><\/figure>\n\n\n\n<p>Na naszym kanale znajdziecie te\u017c jedn\u0105 z propozycji drugiej bardzo znanej Artystki, kt\u00f3ra robi\u0142a furor\u0119 jako kilkulatka \u2013 mowa o Ani Drabek. U nas akurat pojawi\u0142 si\u0119 kawa\u0142ek, nagrany przez Ani\u0119 ju\u017c w czasach doros\u0142ych, niemniej przypomnijmy, \u017ce Ania debiutowa\u0142a ju\u017c jako ma\u0142a Dziewczynka, nagrywaj\u0105c dziesi\u0105tki przeboj\u00f3w.<\/p>\n\n\n\n<figure class=\"wp-block-embed is-type-video is-provider-youtube wp-block-embed-youtube wp-embed-aspect-16-9 wp-has-aspect-ratio\"><div class=\"wp-block-embed__wrapper\">\n<iframe loading=\"lazy\" title=\"Drabek Ania - Siostry urodziny\" width=\"990\" height=\"557\" src=\"https:\/\/www.youtube.com\/embed\/yLmt8MlelIc?feature=oembed\" frameborder=\"0\" allow=\"accelerometer; autoplay; clipboard-write; encrypted-media; gyroscope; picture-in-picture; web-share\" referrerpolicy=\"strict-origin-when-cross-origin\" allowfullscreen><\/iframe>\n<\/div><\/figure>\n","protected":false},"excerpt":{"rendered":"<p>W czerwcu stawiamy na dalekie podr\u00f3\u017ce w czasie\u2026 Jak dalekie \u2013 do dzieci\u0144stwa zaprzyja\u017anionych z nami Artyst\u00f3w i pocz\u0105tk\u00f3w ich &hellip; <a href=\"https:\/\/boxmusic.com.pl\/index.php\/2024\/06\/11\/dawno-temu-czyli-artysci-tez-byli-dziecmi\/\" class=\"more-link\"><span class=\"more-button\">Czytaj dalej<span class=\"screen-reader-text\">Dawno temu &#8211; czyli Arty\u015bci te\u017c byli dzie\u0107mi<\/span><\/span><\/a><\/p>\n","protected":false},"author":3,"featured_media":2954,"comment_status":"closed","ping_status":"closed","sticky":false,"template":"","format":"standard","meta":{"footnotes":""},"categories":[3],"tags":[],"class_list":["post-2953","post","type-post","status-publish","format-standard","has-post-thumbnail","hentry","category-informacje"],"_links":{"self":[{"href":"https:\/\/boxmusic.com.pl\/index.php\/wp-json\/wp\/v2\/posts\/2953","targetHints":{"allow":["GET"]}}],"collection":[{"href":"https:\/\/boxmusic.com.pl\/index.php\/wp-json\/wp\/v2\/posts"}],"about":[{"href":"https:\/\/boxmusic.com.pl\/index.php\/wp-json\/wp\/v2\/types\/post"}],"author":[{"embeddable":true,"href":"https:\/\/boxmusic.com.pl\/index.php\/wp-json\/wp\/v2\/users\/3"}],"replies":[{"embeddable":true,"href":"https:\/\/boxmusic.com.pl\/index.php\/wp-json\/wp\/v2\/comments?post=2953"}],"version-history":[{"count":1,"href":"https:\/\/boxmusic.com.pl\/index.php\/wp-json\/wp\/v2\/posts\/2953\/revisions"}],"predecessor-version":[{"id":2955,"href":"https:\/\/boxmusic.com.pl\/index.php\/wp-json\/wp\/v2\/posts\/2953\/revisions\/2955"}],"wp:featuredmedia":[{"embeddable":true,"href":"https:\/\/boxmusic.com.pl\/index.php\/wp-json\/wp\/v2\/media\/2954"}],"wp:attachment":[{"href":"https:\/\/boxmusic.com.pl\/index.php\/wp-json\/wp\/v2\/media?parent=2953"}],"wp:term":[{"taxonomy":"category","embeddable":true,"href":"https:\/\/boxmusic.com.pl\/index.php\/wp-json\/wp\/v2\/categories?post=2953"},{"taxonomy":"post_tag","embeddable":true,"href":"https:\/\/boxmusic.com.pl\/index.php\/wp-json\/wp\/v2\/tags?post=2953"}],"curies":[{"name":"wp","href":"https:\/\/api.w.org\/{rel}","templated":true}]}}