{"id":2958,"date":"2024-07-24T03:08:54","date_gmt":"2024-07-24T01:08:54","guid":{"rendered":"https:\/\/boxmusic.com.pl\/?p=2958"},"modified":"2024-11-07T07:03:33","modified_gmt":"2024-11-07T06:03:33","slug":"mlodzi-i-zdolni","status":"publish","type":"post","link":"https:\/\/boxmusic.com.pl\/index.php\/2024\/07\/24\/mlodzi-i-zdolni\/","title":{"rendered":"M\u0142odzi i zdolni"},"content":{"rendered":"\n<p><strong>Na przestrzeni lat mieli\u015bmy okazj\u0119 wielokrotnie bli\u017cej lub bardziej kr\u00f3tkotrwale wsp\u00f3\u0142pracowa\u0107 w dziesi\u0105tkami artyst\u00f3w. Nie zabrak\u0142o w\u015br\u00f3d nich bardzo m\u0142odych talent\u00f3w \u2013 kt\u00f3re czasami pojawia\u0142y si\u0119 go\u015bcinnie na naszych koncertach, kiedy indziej mieli\u015bmy okazj\u0119 wyda\u0107 ich p\u0142yty\u2026<\/strong><\/p>\n\n\n\n<p>Skoro mowa o m\u0142odych talentach, kt\u00f3re mia\u0142y okazj\u0119 wsp\u00f3\u0142pracowa\u0107 z nami na przestrzeni lat, nie mo\u017cemy zapomnie\u0107 o \u015bwietnej Grupie Dzieci\u0119cej z Katowic \u2013 Zespo\u0142owi Katosie. Dzieci\u0119cy Zesp\u00f3\u0142 z wieloletni\u0105 tradycj\u0105 nadal pr\u0119\u017cnie funkcjonuje. Przed laty Dzieciaki mia\u0142y okazj\u0119 wyda\u0107 w naszym Wydawnictwie kr\u0105\u017cek z kol\u0119dami. Utalentowane Dzieci pojawi\u0142y si\u0119 te\u017c na \u015al\u0105skiej Gali Biesiadnej \u2013 u boku nie \u017cyj\u0105cej ju\u017c Artystki Iroxany, kt\u00f3ra swego czasu bardzo zaanga\u017cowa\u0142a si\u0119 w promocj\u0119 Zespo\u0142u.<\/p>\n\n\n\n<figure class=\"wp-block-embed is-type-video is-provider-youtube wp-block-embed-youtube wp-embed-aspect-16-9 wp-has-aspect-ratio\"><div class=\"wp-block-embed__wrapper\">\n<iframe loading=\"lazy\" title=\"Iroxana i Katosie - NASZE \u015aL\u0104SKIE  (Gala 2015)\" width=\"990\" height=\"557\" src=\"https:\/\/www.youtube.com\/embed\/bRlfSckPD7k?feature=oembed\" frameborder=\"0\" allow=\"accelerometer; autoplay; clipboard-write; encrypted-media; gyroscope; picture-in-picture; web-share\" referrerpolicy=\"strict-origin-when-cross-origin\" allowfullscreen><\/iframe>\n<\/div><\/figure>\n\n\n\n<p>Drugim zdolnym i bardzo sympatycznym dzieci\u0119cym Zespo\u0142em, kt\u00f3rego propozycj\u0119 znajdziecie na naszym kanale, s\u0105 Szlagrowe Bajtle.<\/p>\n\n\n\n<figure class=\"wp-block-embed is-type-video is-provider-youtube wp-block-embed-youtube wp-embed-aspect-16-9 wp-has-aspect-ratio\"><div class=\"wp-block-embed__wrapper\">\n<iframe loading=\"lazy\" title=\"Iroxana i Katosie - NASZE \u015aL\u0104SKIE  (Gala 2015)\" width=\"990\" height=\"557\" src=\"https:\/\/www.youtube.com\/embed\/bRlfSckPD7k?feature=oembed\" frameborder=\"0\" allow=\"accelerometer; autoplay; clipboard-write; encrypted-media; gyroscope; picture-in-picture; web-share\" referrerpolicy=\"strict-origin-when-cross-origin\" allowfullscreen><\/iframe>\n<\/div><\/figure>\n\n\n\n<p>M\u0142odzi Arty\u015bci wielokrotnie mieli okazj\u0119 pojawia\u0107 si\u0119 te\u017c na scenie \u015al\u0105skiej Gali Biesiadnej towarzysz\u0105c innym Artystom. Prac\u0119 z uzdolnionymi Dzie\u0107mi bardzo ceni Bernadeta Kowalska. Artystka kilka lat temu pojawi\u0142a si\u0119 na scenie DMiT, wraz z Dzieciakami z Zespo\u0142u Pie\u015bni i Ta\u0144ca Kozieg\u0142owy \u2013 trzeba przyzna\u0107, \u017ce wsp\u00f3lnie zrobili prawdziwe show.<\/p>\n\n\n\n<figure class=\"wp-block-embed is-type-video is-provider-youtube wp-block-embed-youtube wp-embed-aspect-16-9 wp-has-aspect-ratio\"><div class=\"wp-block-embed__wrapper\">\n<iframe loading=\"lazy\" title=\"Bernadeta Kowalska i Przyjaciele - Ju\u017c pora (koncert)\" width=\"990\" height=\"557\" src=\"https:\/\/www.youtube.com\/embed\/fJJP3kXHaS8?feature=oembed\" frameborder=\"0\" allow=\"accelerometer; autoplay; clipboard-write; encrypted-media; gyroscope; picture-in-picture; web-share\" referrerpolicy=\"strict-origin-when-cross-origin\" allowfullscreen><\/iframe>\n<\/div><\/figure>\n","protected":false},"excerpt":{"rendered":"<p>Na przestrzeni lat mieli\u015bmy okazj\u0119 wielokrotnie bli\u017cej lub bardziej kr\u00f3tkotrwale wsp\u00f3\u0142pracowa\u0107 w dziesi\u0105tkami artyst\u00f3w. Nie zabrak\u0142o w\u015br\u00f3d nich bardzo m\u0142odych &hellip; <a href=\"https:\/\/boxmusic.com.pl\/index.php\/2024\/07\/24\/mlodzi-i-zdolni\/\" class=\"more-link\"><span class=\"more-button\">Czytaj dalej<span class=\"screen-reader-text\">M\u0142odzi i zdolni<\/span><\/span><\/a><\/p>\n","protected":false},"author":3,"featured_media":2959,"comment_status":"closed","ping_status":"closed","sticky":false,"template":"","format":"standard","meta":{"footnotes":""},"categories":[3],"tags":[],"class_list":["post-2958","post","type-post","status-publish","format-standard","has-post-thumbnail","hentry","category-informacje"],"_links":{"self":[{"href":"https:\/\/boxmusic.com.pl\/index.php\/wp-json\/wp\/v2\/posts\/2958","targetHints":{"allow":["GET"]}}],"collection":[{"href":"https:\/\/boxmusic.com.pl\/index.php\/wp-json\/wp\/v2\/posts"}],"about":[{"href":"https:\/\/boxmusic.com.pl\/index.php\/wp-json\/wp\/v2\/types\/post"}],"author":[{"embeddable":true,"href":"https:\/\/boxmusic.com.pl\/index.php\/wp-json\/wp\/v2\/users\/3"}],"replies":[{"embeddable":true,"href":"https:\/\/boxmusic.com.pl\/index.php\/wp-json\/wp\/v2\/comments?post=2958"}],"version-history":[{"count":1,"href":"https:\/\/boxmusic.com.pl\/index.php\/wp-json\/wp\/v2\/posts\/2958\/revisions"}],"predecessor-version":[{"id":2960,"href":"https:\/\/boxmusic.com.pl\/index.php\/wp-json\/wp\/v2\/posts\/2958\/revisions\/2960"}],"wp:featuredmedia":[{"embeddable":true,"href":"https:\/\/boxmusic.com.pl\/index.php\/wp-json\/wp\/v2\/media\/2959"}],"wp:attachment":[{"href":"https:\/\/boxmusic.com.pl\/index.php\/wp-json\/wp\/v2\/media?parent=2958"}],"wp:term":[{"taxonomy":"category","embeddable":true,"href":"https:\/\/boxmusic.com.pl\/index.php\/wp-json\/wp\/v2\/categories?post=2958"},{"taxonomy":"post_tag","embeddable":true,"href":"https:\/\/boxmusic.com.pl\/index.php\/wp-json\/wp\/v2\/tags?post=2958"}],"curies":[{"name":"wp","href":"https:\/\/api.w.org\/{rel}","templated":true}]}}