{"id":3037,"date":"2024-08-09T05:45:03","date_gmt":"2024-08-09T03:45:03","guid":{"rendered":"https:\/\/boxmusic.com.pl\/?p=3037"},"modified":"2024-11-07T07:03:36","modified_gmt":"2024-11-07T06:03:36","slug":"gdzie-w-najblizszym-czasie-mozna-spotkac-naszych-zaprzyjaznionych-artystow","status":"publish","type":"post","link":"https:\/\/boxmusic.com.pl\/index.php\/2024\/08\/09\/gdzie-w-najblizszym-czasie-mozna-spotkac-naszych-zaprzyjaznionych-artystow\/","title":{"rendered":"Gdzie w najbli\u017cszym czasie mo\u017cna spotka\u0107 naszych zaprzyja\u017anionych Artyst\u00f3w?"},"content":{"rendered":"\n<p><strong>Sezon plenerowych koncert\u00f3w w pe\u0142ni. Z pewno\u015bci\u0105 wielu z Was ma ochot\u0119 na spotkanie na \u017cywo podczas koncertu z ulubionymi Artystami. Gdzie wi\u0119c w najbli\u017cszym czasie mo\u017cecie spotka\u0107 koncertowo nasze zaprzyja\u017anione Gwiazdy?<\/strong><\/p>\n\n\n\n<p>W niedziel\u0119 11 sierpnia w malowniczym Parku w \u015awierkla\u0144cu wyst\u0105pi ze swoim programem muzyczno-kabaretowym Grzegorz Poloczek (wraz z Zespo\u0142em). Na pewno nie zabraknie humoru, jak te\u017c najwi\u0119kszych przeboj\u00f3w Artysty i kabareciarza. R\u00f3wnie\u017c w niedziel\u0119, w Amfiteatrze we Wrze\u015bni wyst\u0105pi Zesp\u00f3\u0142 Banita Band.<\/p>\n\n\n\n<figure class=\"wp-block-embed is-type-video is-provider-youtube wp-block-embed-youtube wp-embed-aspect-16-9 wp-has-aspect-ratio\"><div class=\"wp-block-embed__wrapper\">\n<iframe loading=\"lazy\" title=\"Grzegorz Poloczek - Och Usia Usia (Koncert \u015al\u0105ska Gala Biesiadna 2013) HD\" width=\"990\" height=\"557\" src=\"https:\/\/www.youtube.com\/embed\/iLj0ApCsNCQ?feature=oembed\" frameborder=\"0\" allow=\"accelerometer; autoplay; clipboard-write; encrypted-media; gyroscope; picture-in-picture; web-share\" referrerpolicy=\"strict-origin-when-cross-origin\" allowfullscreen><\/iframe>\n<\/div><\/figure>\n\n\n\n<figure class=\"wp-block-embed is-type-video is-provider-youtube wp-block-embed-youtube wp-embed-aspect-16-9 wp-has-aspect-ratio\"><div class=\"wp-block-embed__wrapper\">\n<iframe loading=\"lazy\" title=\"Banita Band - Tylko z Tob\u0105\" width=\"990\" height=\"557\" src=\"https:\/\/www.youtube.com\/embed\/_v-DXmQEyXc?feature=oembed\" frameborder=\"0\" allow=\"accelerometer; autoplay; clipboard-write; encrypted-media; gyroscope; picture-in-picture; web-share\" referrerpolicy=\"strict-origin-when-cross-origin\" allowfullscreen><\/iframe>\n<\/div><\/figure>\n\n\n\n<p>Znacznie bardziej bogato zapowiada si\u0119 nadchodz\u0105cy d\u0142ugi weekend. 15 sierpnia w Zbros\u0142awicach wyst\u0105pi Duet Karo.<\/p>\n\n\n\n<figure class=\"wp-block-embed is-type-video is-provider-youtube wp-block-embed-youtube wp-embed-aspect-16-9 wp-has-aspect-ratio\"><div class=\"wp-block-embed__wrapper\">\n<iframe loading=\"lazy\" title=\"Duet Karo - Co w duszy gra (Koncert \u015al\u0105ska Gala Biesiadna 2013)\" width=\"990\" height=\"557\" src=\"https:\/\/www.youtube.com\/embed\/A9N2dunm8d0?feature=oembed\" frameborder=\"0\" allow=\"accelerometer; autoplay; clipboard-write; encrypted-media; gyroscope; picture-in-picture; web-share\" referrerpolicy=\"strict-origin-when-cross-origin\" allowfullscreen><\/iframe>\n<\/div><\/figure>\n\n\n\n<p>17 sierpnia w Kosz\u0119cinie w ramach Pikniku Le\u015bno-\u0141owieckiego Cietrzewisko r\u00f3wnie\u017c nadarzy si\u0119 okazja do spotkania z Duetem Karo.<\/p>\n\n\n\n<p>W niedziel\u0119 18 sierpnia w Miasteczku \u015al\u0105skim odb\u0119dzie si\u0119 IV ju\u017c <em>Muzyczne Lato dla Senior\u00f3w<\/em>, kt\u00f3re poprowadzi oczywi\u015bcie Bernadeta Kowalska (inicjatorka imprezy), Artystka i Jej projekt Muzyczny Band Dla Was za\u015bpiewaj\u0105 te\u017c na scenie, w\u015br\u00f3d innych Artyst\u00f3w.<\/p>\n\n\n\n<figure class=\"wp-block-embed is-type-video is-provider-youtube wp-block-embed-youtube wp-embed-aspect-16-9 wp-has-aspect-ratio\"><div class=\"wp-block-embed__wrapper\">\n<iframe loading=\"lazy\" title=\"Bernadeta Kowalska i Przyjaciele - \u017bycie to taka gra\" width=\"990\" height=\"557\" src=\"https:\/\/www.youtube.com\/embed\/ryad-1pTrB4?feature=oembed\" frameborder=\"0\" allow=\"accelerometer; autoplay; clipboard-write; encrypted-media; gyroscope; picture-in-picture; web-share\" referrerpolicy=\"strict-origin-when-cross-origin\" allowfullscreen><\/iframe>\n<\/div><\/figure>\n\n\n\n<p>R\u00f3wnie\u017c 18 sierpnia we Wrze\u015bni wyst\u0105pi Damian Holecki \u2013 w ramach wspomnianej ju\u017c cotygodniowej imprezy Muzyczne Lato w Amfiteatrze.<\/p>\n\n\n\n<figure class=\"wp-block-embed is-type-video is-provider-youtube wp-block-embed-youtube wp-embed-aspect-16-9 wp-has-aspect-ratio\"><div class=\"wp-block-embed__wrapper\">\n<iframe loading=\"lazy\" title=\"Damian Holecki - Z\u0142ote kasztany (koncert)\" width=\"990\" height=\"557\" src=\"https:\/\/www.youtube.com\/embed\/fw_d61Yn5dM?feature=oembed\" frameborder=\"0\" allow=\"accelerometer; autoplay; clipboard-write; encrypted-media; gyroscope; picture-in-picture; web-share\" referrerpolicy=\"strict-origin-when-cross-origin\" allowfullscreen><\/iframe>\n<\/div><\/figure>\n","protected":false},"excerpt":{"rendered":"<p>Sezon plenerowych koncert\u00f3w w pe\u0142ni. Z pewno\u015bci\u0105 wielu z Was ma ochot\u0119 na spotkanie na \u017cywo podczas koncertu z ulubionymi &hellip; <a href=\"https:\/\/boxmusic.com.pl\/index.php\/2024\/08\/09\/gdzie-w-najblizszym-czasie-mozna-spotkac-naszych-zaprzyjaznionych-artystow\/\" class=\"more-link\"><span class=\"more-button\">Czytaj dalej<span class=\"screen-reader-text\">Gdzie w najbli\u017cszym czasie mo\u017cna spotka\u0107 naszych zaprzyja\u017anionych Artyst\u00f3w?<\/span><\/span><\/a><\/p>\n","protected":false},"author":3,"featured_media":62,"comment_status":"closed","ping_status":"closed","sticky":false,"template":"","format":"standard","meta":{"footnotes":""},"categories":[3],"tags":[],"class_list":["post-3037","post","type-post","status-publish","format-standard","has-post-thumbnail","hentry","category-informacje"],"_links":{"self":[{"href":"https:\/\/boxmusic.com.pl\/index.php\/wp-json\/wp\/v2\/posts\/3037","targetHints":{"allow":["GET"]}}],"collection":[{"href":"https:\/\/boxmusic.com.pl\/index.php\/wp-json\/wp\/v2\/posts"}],"about":[{"href":"https:\/\/boxmusic.com.pl\/index.php\/wp-json\/wp\/v2\/types\/post"}],"author":[{"embeddable":true,"href":"https:\/\/boxmusic.com.pl\/index.php\/wp-json\/wp\/v2\/users\/3"}],"replies":[{"embeddable":true,"href":"https:\/\/boxmusic.com.pl\/index.php\/wp-json\/wp\/v2\/comments?post=3037"}],"version-history":[{"count":1,"href":"https:\/\/boxmusic.com.pl\/index.php\/wp-json\/wp\/v2\/posts\/3037\/revisions"}],"predecessor-version":[{"id":3038,"href":"https:\/\/boxmusic.com.pl\/index.php\/wp-json\/wp\/v2\/posts\/3037\/revisions\/3038"}],"wp:featuredmedia":[{"embeddable":true,"href":"https:\/\/boxmusic.com.pl\/index.php\/wp-json\/wp\/v2\/media\/62"}],"wp:attachment":[{"href":"https:\/\/boxmusic.com.pl\/index.php\/wp-json\/wp\/v2\/media?parent=3037"}],"wp:term":[{"taxonomy":"category","embeddable":true,"href":"https:\/\/boxmusic.com.pl\/index.php\/wp-json\/wp\/v2\/categories?post=3037"},{"taxonomy":"post_tag","embeddable":true,"href":"https:\/\/boxmusic.com.pl\/index.php\/wp-json\/wp\/v2\/tags?post=3037"}],"curies":[{"name":"wp","href":"https:\/\/api.w.org\/{rel}","templated":true}]}}