{"id":3074,"date":"2024-09-05T03:34:42","date_gmt":"2024-09-05T01:34:42","guid":{"rendered":"https:\/\/boxmusic.com.pl\/?p=3074"},"modified":"2024-11-07T07:03:27","modified_gmt":"2024-11-07T06:03:27","slug":"gdzie-spotkac-szlagierowe-gwiazdy-w-pierwszy-powakacyjny-weekend","status":"publish","type":"post","link":"https:\/\/boxmusic.com.pl\/index.php\/2024\/09\/05\/gdzie-spotkac-szlagierowe-gwiazdy-w-pierwszy-powakacyjny-weekend\/","title":{"rendered":"Gdzie spotka\u0107 szlagierowe Gwiazdy w pierwszy powakacyjny weekend?"},"content":{"rendered":"\n<p><strong>Sezon koncert\u00f3w plenerowych trwa. W pierwszy powakacyjny weekend zdecydowanie dominuj\u0105 imprezy do\u017cynkowe. Nie zabraknie na nich okazji do spotkania z Gwiazdami naszej sceny.<\/strong><\/p>\n\n\n\n<p>W sobot\u0119 w miejscowo\u015bci Bojsz\u00f3w podczas do\u017cynek wyst\u0105pi m.in. Duet Karo.<\/p>\n\n\n\n<figure class=\"wp-block-embed is-type-video is-provider-youtube wp-block-embed-youtube wp-embed-aspect-16-9 wp-has-aspect-ratio\"><div class=\"wp-block-embed__wrapper\">\n<iframe loading=\"lazy\" title=\"Duet Karo - Kochosz mie czy niy\" width=\"990\" height=\"557\" src=\"https:\/\/www.youtube.com\/embed\/4MFO_y5m7TQ?feature=oembed\" frameborder=\"0\" allow=\"accelerometer; autoplay; clipboard-write; encrypted-media; gyroscope; picture-in-picture; web-share\" referrerpolicy=\"strict-origin-when-cross-origin\" allowfullscreen><\/iframe>\n<\/div><\/figure>\n\n\n\n<p>R\u00f3wnie\u017c w sobot\u0119 7 wrze\u015bnia, w \u017borach na Jarmarku \u015aw. Filipa i Jakuba wyst\u0105pi Grzegorz Poloczek z Kabaretem.<\/p>\n\n\n\n<figure class=\"wp-block-embed is-type-video is-provider-youtube wp-block-embed-youtube wp-embed-aspect-16-9 wp-has-aspect-ratio\"><div class=\"wp-block-embed__wrapper\">\n<iframe loading=\"lazy\" title=\"Grzegorz Poloczek - Och Usia Usia (Koncert \u015al\u0105ska Gala Biesiadna 2013) HD\" width=\"990\" height=\"557\" src=\"https:\/\/www.youtube.com\/embed\/iLj0ApCsNCQ?feature=oembed\" frameborder=\"0\" allow=\"accelerometer; autoplay; clipboard-write; encrypted-media; gyroscope; picture-in-picture; web-share\" referrerpolicy=\"strict-origin-when-cross-origin\" allowfullscreen><\/iframe>\n<\/div><\/figure>\n\n\n\n<p>8 wrze\u015bnia w Galewicach podczas do\u017cynek nadarzy si\u0119 kolejna okazja do spotkania z Duetem Karo. Tego samego dnia Duet Karo wyst\u0105pi te\u017c na do\u017cynkach w miejscowo\u015bci Walidrogi.<\/p>\n\n\n\n<figure class=\"wp-block-embed is-type-video is-provider-youtube wp-block-embed-youtube wp-embed-aspect-16-9 wp-has-aspect-ratio\"><div class=\"wp-block-embed__wrapper\">\n<iframe loading=\"lazy\" title=\"Duet Karo - Co w duszy gra (Koncert \u015al\u0105ska Gala Biesiadna 2013)\" width=\"990\" height=\"557\" src=\"https:\/\/www.youtube.com\/embed\/A9N2dunm8d0?feature=oembed\" frameborder=\"0\" allow=\"accelerometer; autoplay; clipboard-write; encrypted-media; gyroscope; picture-in-picture; web-share\" referrerpolicy=\"strict-origin-when-cross-origin\" allowfullscreen><\/iframe>\n<\/div><\/figure>\n\n\n\n<p>8 wrze\u015bnia w Wilczy (Gmina Pilchowice) wyst\u0105pi m.in. Kabaret Grzegorza Poloczka.<\/p>\n\n\n\n<figure class=\"wp-block-embed is-type-video is-provider-youtube wp-block-embed-youtube wp-embed-aspect-16-9 wp-has-aspect-ratio\"><div class=\"wp-block-embed__wrapper\">\n<iframe loading=\"lazy\" title=\"Grzegorz Poloczek &quot;Malinkonija&quot;\" width=\"990\" height=\"557\" src=\"https:\/\/www.youtube.com\/embed\/mLyW0KlLBwU?feature=oembed\" frameborder=\"0\" allow=\"accelerometer; autoplay; clipboard-write; encrypted-media; gyroscope; picture-in-picture; web-share\" referrerpolicy=\"strict-origin-when-cross-origin\" allowfullscreen><\/iframe>\n<\/div><\/figure>\n\n\n\n<p>Tego samego dnia w Je\u0142owej na Opolszczy\u017anie b\u0119dzie mo\u017cna spotka\u0107 si\u0119 na koncercie z Damianem Holeckim.<\/p>\n\n\n\n<figure class=\"wp-block-embed is-type-video is-provider-youtube wp-block-embed-youtube wp-embed-aspect-16-9 wp-has-aspect-ratio\"><div class=\"wp-block-embed__wrapper\">\n<iframe loading=\"lazy\" title=\"Damian Holecki - Ja szukam Ciebie (koncert)\" width=\"990\" height=\"557\" src=\"https:\/\/www.youtube.com\/embed\/4Czzz5JUsnY?feature=oembed\" frameborder=\"0\" allow=\"accelerometer; autoplay; clipboard-write; encrypted-media; gyroscope; picture-in-picture; web-share\" referrerpolicy=\"strict-origin-when-cross-origin\" allowfullscreen><\/iframe>\n<\/div><\/figure>\n","protected":false},"excerpt":{"rendered":"<p>Sezon koncert\u00f3w plenerowych trwa. W pierwszy powakacyjny weekend zdecydowanie dominuj\u0105 imprezy do\u017cynkowe. Nie zabraknie na nich okazji do spotkania z &hellip; <a href=\"https:\/\/boxmusic.com.pl\/index.php\/2024\/09\/05\/gdzie-spotkac-szlagierowe-gwiazdy-w-pierwszy-powakacyjny-weekend\/\" class=\"more-link\"><span class=\"more-button\">Czytaj dalej<span class=\"screen-reader-text\">Gdzie spotka\u0107 szlagierowe Gwiazdy w pierwszy powakacyjny weekend?<\/span><\/span><\/a><\/p>\n","protected":false},"author":3,"featured_media":2485,"comment_status":"closed","ping_status":"closed","sticky":false,"template":"","format":"standard","meta":{"footnotes":""},"categories":[3],"tags":[],"class_list":["post-3074","post","type-post","status-publish","format-standard","has-post-thumbnail","hentry","category-informacje"],"_links":{"self":[{"href":"https:\/\/boxmusic.com.pl\/index.php\/wp-json\/wp\/v2\/posts\/3074","targetHints":{"allow":["GET"]}}],"collection":[{"href":"https:\/\/boxmusic.com.pl\/index.php\/wp-json\/wp\/v2\/posts"}],"about":[{"href":"https:\/\/boxmusic.com.pl\/index.php\/wp-json\/wp\/v2\/types\/post"}],"author":[{"embeddable":true,"href":"https:\/\/boxmusic.com.pl\/index.php\/wp-json\/wp\/v2\/users\/3"}],"replies":[{"embeddable":true,"href":"https:\/\/boxmusic.com.pl\/index.php\/wp-json\/wp\/v2\/comments?post=3074"}],"version-history":[{"count":1,"href":"https:\/\/boxmusic.com.pl\/index.php\/wp-json\/wp\/v2\/posts\/3074\/revisions"}],"predecessor-version":[{"id":3075,"href":"https:\/\/boxmusic.com.pl\/index.php\/wp-json\/wp\/v2\/posts\/3074\/revisions\/3075"}],"wp:featuredmedia":[{"embeddable":true,"href":"https:\/\/boxmusic.com.pl\/index.php\/wp-json\/wp\/v2\/media\/2485"}],"wp:attachment":[{"href":"https:\/\/boxmusic.com.pl\/index.php\/wp-json\/wp\/v2\/media?parent=3074"}],"wp:term":[{"taxonomy":"category","embeddable":true,"href":"https:\/\/boxmusic.com.pl\/index.php\/wp-json\/wp\/v2\/categories?post=3074"},{"taxonomy":"post_tag","embeddable":true,"href":"https:\/\/boxmusic.com.pl\/index.php\/wp-json\/wp\/v2\/tags?post=3074"}],"curies":[{"name":"wp","href":"https:\/\/api.w.org\/{rel}","templated":true}]}}