{"id":3079,"date":"2024-09-23T04:01:15","date_gmt":"2024-09-23T02:01:15","guid":{"rendered":"https:\/\/boxmusic.com.pl\/?p=3079"},"modified":"2024-11-07T07:03:27","modified_gmt":"2024-11-07T06:03:27","slug":"czas-na-jesien","status":"publish","type":"post","link":"https:\/\/boxmusic.com.pl\/index.php\/2024\/09\/23\/czas-na-jesien\/","title":{"rendered":"Czas na jesie\u0144"},"content":{"rendered":"\n<p><strong>Lato 2024 niestety przechodzi do historii. Trzeba przyzna\u0107, \u017ce z pewno\u015bci\u0105 wielbiciele wysokich temperatur nie mieli powod\u00f3w do narzeka\u0144. No, ale teraz nadesz\u0142a jesie\u0144\u2026<\/strong><\/p>\n\n\n\n<p>Trzeba przyzna\u0107, \u017ce jesie\u0144 jest wyj\u0105tkowo inspiruj\u0105c\u0105 por\u0105 roku dla tw\u00f3rc\u00f3w piosenek\u2026<\/p>\n\n\n\n<p>Skoro mowa o jesieni \u2013 ta kolorowa pora roku znalaz\u0142a odzwierciedlenie w wielu piosenkach i teledyskach. Na naszym kanale na Youtube znajdziecie playlist\u0119 ze specjalnie wybranymi jesiennymi propozycjami naszych Gwiazd.<\/p>\n\n\n\n<p>Niew\u0105tpliwie od 16 lat symbolem tej pory roku jest wielki hit Damiana Holeckiego \u2013 <em>Z\u0142ote kasztany<\/em>. Chyba zapytani o jesienn\u0105 piosenk\u0119 w\u0142a\u015bnie ten utw\u00f3r wymienimy bez wahania. To jedna z nielicznych propozycji, kt\u00f3ra zar\u00f3wno pod wzgl\u0119dem tematyki, jak te\u017c teledysku idealnie wpisuje si\u0119 w z\u0142ot\u0105 polsk\u0105 jesie\u0144\u2026<\/p>\n\n\n\n<figure class=\"wp-block-embed is-type-video is-provider-youtube wp-block-embed-youtube wp-embed-aspect-16-9 wp-has-aspect-ratio\"><div class=\"wp-block-embed__wrapper\">\n<iframe loading=\"lazy\" title=\"Damian Holecki - Z\u0142ote kasztany\" width=\"990\" height=\"557\" src=\"https:\/\/www.youtube.com\/embed\/xQwi0LMIbmU?list=PL1ThZKo6fVIqE4S51sVMgyKEQP1XbcuU1\" frameborder=\"0\" allow=\"accelerometer; autoplay; clipboard-write; encrypted-media; gyroscope; picture-in-picture; web-share\" referrerpolicy=\"strict-origin-when-cross-origin\" allowfullscreen><\/iframe>\n<\/div><\/figure>\n\n\n\n<p>Pi\u0119kn\u0105 piosenk\u0119 o jesieni ma te\u017c w repertuarze Duet Kola i Jula. Mowa o urokliwej i bardzo pogodnej piosence <em>Jesie\u0144<\/em>. Utw\u00f3r opowiada o uroku tej magicznej i malowniczej pory roku. Utw\u00f3r pochodzi z debiutanckiego kr\u0105\u017cka Artystek, niestety nigdy nie doczeka\u0142 si\u0119 teledysku. Propozycj\u0119 w wersji audio oczywi\u015bcie znajdziecie na naszym kanale.<\/p>\n\n\n\n<figure class=\"wp-block-embed is-type-video is-provider-youtube wp-block-embed-youtube wp-embed-aspect-16-9 wp-has-aspect-ratio\"><div class=\"wp-block-embed__wrapper\">\n<iframe loading=\"lazy\" title=\"Kola i Jula - Jesie\u0144 (official audio)\" width=\"990\" height=\"557\" src=\"https:\/\/www.youtube.com\/embed\/0QiW2dBAcMI?list=PL1ThZKo6fVIqE4S51sVMgyKEQP1XbcuU1\" frameborder=\"0\" allow=\"accelerometer; autoplay; clipboard-write; encrypted-media; gyroscope; picture-in-picture; web-share\" referrerpolicy=\"strict-origin-when-cross-origin\" allowfullscreen><\/iframe>\n<\/div><\/figure>\n","protected":false},"excerpt":{"rendered":"<p>Lato 2024 niestety przechodzi do historii. Trzeba przyzna\u0107, \u017ce z pewno\u015bci\u0105 wielbiciele wysokich temperatur nie mieli powod\u00f3w do narzeka\u0144. No, &hellip; <a href=\"https:\/\/boxmusic.com.pl\/index.php\/2024\/09\/23\/czas-na-jesien\/\" class=\"more-link\"><span class=\"more-button\">Czytaj dalej<span class=\"screen-reader-text\">Czas na jesie\u0144<\/span><\/span><\/a><\/p>\n","protected":false},"author":3,"featured_media":3080,"comment_status":"closed","ping_status":"closed","sticky":false,"template":"","format":"standard","meta":{"footnotes":""},"categories":[3],"tags":[],"class_list":["post-3079","post","type-post","status-publish","format-standard","has-post-thumbnail","hentry","category-informacje"],"_links":{"self":[{"href":"https:\/\/boxmusic.com.pl\/index.php\/wp-json\/wp\/v2\/posts\/3079","targetHints":{"allow":["GET"]}}],"collection":[{"href":"https:\/\/boxmusic.com.pl\/index.php\/wp-json\/wp\/v2\/posts"}],"about":[{"href":"https:\/\/boxmusic.com.pl\/index.php\/wp-json\/wp\/v2\/types\/post"}],"author":[{"embeddable":true,"href":"https:\/\/boxmusic.com.pl\/index.php\/wp-json\/wp\/v2\/users\/3"}],"replies":[{"embeddable":true,"href":"https:\/\/boxmusic.com.pl\/index.php\/wp-json\/wp\/v2\/comments?post=3079"}],"version-history":[{"count":1,"href":"https:\/\/boxmusic.com.pl\/index.php\/wp-json\/wp\/v2\/posts\/3079\/revisions"}],"predecessor-version":[{"id":3083,"href":"https:\/\/boxmusic.com.pl\/index.php\/wp-json\/wp\/v2\/posts\/3079\/revisions\/3083"}],"wp:featuredmedia":[{"embeddable":true,"href":"https:\/\/boxmusic.com.pl\/index.php\/wp-json\/wp\/v2\/media\/3080"}],"wp:attachment":[{"href":"https:\/\/boxmusic.com.pl\/index.php\/wp-json\/wp\/v2\/media?parent=3079"}],"wp:term":[{"taxonomy":"category","embeddable":true,"href":"https:\/\/boxmusic.com.pl\/index.php\/wp-json\/wp\/v2\/categories?post=3079"},{"taxonomy":"post_tag","embeddable":true,"href":"https:\/\/boxmusic.com.pl\/index.php\/wp-json\/wp\/v2\/tags?post=3079"}],"curies":[{"name":"wp","href":"https:\/\/api.w.org\/{rel}","templated":true}]}}