{"id":3110,"date":"2024-10-28T06:39:20","date_gmt":"2024-10-28T05:39:20","guid":{"rendered":"https:\/\/boxmusic.com.pl\/?p=3110"},"modified":"2024-11-07T07:03:29","modified_gmt":"2024-11-07T06:03:29","slug":"i-znow-troche-jesieni","status":"publish","type":"post","link":"https:\/\/boxmusic.com.pl\/index.php\/2024\/10\/28\/i-znow-troche-jesieni\/","title":{"rendered":"I zn\u00f3w troch\u0119 jesieni&#8230;"},"content":{"rendered":"\n<p><strong>Piosenki zwi\u0105zane z jesieni\u0105 maj\u0105 r\u00f3\u017cny charakter \u2013 czasami s\u0105 pe\u0142ne rado\u015bci, optymizmu, opowiadaj\u0105 o uroku jesiennych barwnych krajobraz\u00f3w, kiedy indziej s\u0105 bardzo klimatyczne. A jakie jeszcze jesienne propozycje znajdziecie na naszym kanale?<\/strong><\/p>\n\n\n\n<p>Cz\u0119\u015b\u0107 piosenek m\u00f3wi po prostu o jesieni, w innych jesienne akcenty stanowi\u0105 tylko t\u0142o dla ca\u0142ej opowie\u015bci. Taki w\u0142a\u015bnie jesienny akcent pojawia si\u0119 w jednej z najpi\u0119kniejszych ballada Damiana Holeckiego \u2013 <em>Kochaj mnie jak nikt<\/em>. Pewnie nie wszyscy kojarz\u0105 nawet, jaki jesienny akcent mamy na my\u015bli \u2013 chodzi o s\u0142owa \u201eLi\u015bcie opad\u0142y ju\u017c z drzew\u2026\u201d \u2013 niby niewiele, ale zarazem ca\u0142a piosenka ma w sobie jak\u0105\u015b jesienn\u0105 melancholi\u0119 i pewnie nie tylko nam przywodzi na my\u015bl obraz p\u00f3\u017anej jesieni.<\/p>\n\n\n\n<figure class=\"wp-block-embed is-type-video is-provider-youtube wp-block-embed-youtube wp-embed-aspect-16-9 wp-has-aspect-ratio\"><div class=\"wp-block-embed__wrapper\">\n<iframe loading=\"lazy\" title=\"Damian Holecki - Kochaj mnie jak nikt (Official Lyric Video)\" width=\"990\" height=\"557\" src=\"https:\/\/www.youtube.com\/embed\/jVCFv15lk54?feature=oembed\" frameborder=\"0\" allow=\"accelerometer; autoplay; clipboard-write; encrypted-media; gyroscope; picture-in-picture; web-share\" referrerpolicy=\"strict-origin-when-cross-origin\" allowfullscreen><\/iframe>\n<\/div><\/figure>\n\n\n\n<p>Pewnie nie ka\u017cdy wie, \u017ce bardzo jesienn\u0105 i bardzo nastrojow\u0105 propozycj\u0119 zatytu\u0142owan\u0105 po prostu <em>Listopad<\/em> ma te\u017c na koncie\u2026 Stach. \u017beby by\u0142o ciekawiej utw\u00f3r pochodzi z kr\u0105\u017cka Lata czar. \ud83d\ude09 To bardzo nastrojowa, melancholijna ballada opowiadaj\u0105ca o p\u00f3\u017anej jesieni, jej sm\u0119tnym i dosy\u0107 przygn\u0119biaj\u0105cym charakterze. Szkoda, \u017ce ten \u0142adny utw\u00f3r jako\u015b nie przebi\u0142 si\u0119 do medi\u00f3w.<\/p>\n\n\n\n<figure class=\"wp-block-embed is-type-video is-provider-youtube wp-block-embed-youtube wp-embed-aspect-16-9 wp-has-aspect-ratio\"><div class=\"wp-block-embed__wrapper\">\n<iframe loading=\"lazy\" title=\"Stach - Listopad\" width=\"990\" height=\"557\" src=\"https:\/\/www.youtube.com\/embed\/wsZJ54fqBG0?feature=oembed\" frameborder=\"0\" allow=\"accelerometer; autoplay; clipboard-write; encrypted-media; gyroscope; picture-in-picture; web-share\" referrerpolicy=\"strict-origin-when-cross-origin\" allowfullscreen><\/iframe>\n<\/div><\/figure>\n","protected":false},"excerpt":{"rendered":"<p>Piosenki zwi\u0105zane z jesieni\u0105 maj\u0105 r\u00f3\u017cny charakter \u2013 czasami s\u0105 pe\u0142ne rado\u015bci, optymizmu, opowiadaj\u0105 o uroku jesiennych barwnych krajobraz\u00f3w, kiedy &hellip; <a href=\"https:\/\/boxmusic.com.pl\/index.php\/2024\/10\/28\/i-znow-troche-jesieni\/\" class=\"more-link\"><span class=\"more-button\">Czytaj dalej<span class=\"screen-reader-text\">I zn\u00f3w troch\u0119 jesieni&#8230;<\/span><\/span><\/a><\/p>\n","protected":false},"author":3,"featured_media":2597,"comment_status":"closed","ping_status":"closed","sticky":false,"template":"","format":"standard","meta":{"footnotes":""},"categories":[3],"tags":[],"class_list":["post-3110","post","type-post","status-publish","format-standard","has-post-thumbnail","hentry","category-informacje"],"_links":{"self":[{"href":"https:\/\/boxmusic.com.pl\/index.php\/wp-json\/wp\/v2\/posts\/3110","targetHints":{"allow":["GET"]}}],"collection":[{"href":"https:\/\/boxmusic.com.pl\/index.php\/wp-json\/wp\/v2\/posts"}],"about":[{"href":"https:\/\/boxmusic.com.pl\/index.php\/wp-json\/wp\/v2\/types\/post"}],"author":[{"embeddable":true,"href":"https:\/\/boxmusic.com.pl\/index.php\/wp-json\/wp\/v2\/users\/3"}],"replies":[{"embeddable":true,"href":"https:\/\/boxmusic.com.pl\/index.php\/wp-json\/wp\/v2\/comments?post=3110"}],"version-history":[{"count":1,"href":"https:\/\/boxmusic.com.pl\/index.php\/wp-json\/wp\/v2\/posts\/3110\/revisions"}],"predecessor-version":[{"id":3111,"href":"https:\/\/boxmusic.com.pl\/index.php\/wp-json\/wp\/v2\/posts\/3110\/revisions\/3111"}],"wp:featuredmedia":[{"embeddable":true,"href":"https:\/\/boxmusic.com.pl\/index.php\/wp-json\/wp\/v2\/media\/2597"}],"wp:attachment":[{"href":"https:\/\/boxmusic.com.pl\/index.php\/wp-json\/wp\/v2\/media?parent=3110"}],"wp:term":[{"taxonomy":"category","embeddable":true,"href":"https:\/\/boxmusic.com.pl\/index.php\/wp-json\/wp\/v2\/categories?post=3110"},{"taxonomy":"post_tag","embeddable":true,"href":"https:\/\/boxmusic.com.pl\/index.php\/wp-json\/wp\/v2\/tags?post=3110"}],"curies":[{"name":"wp","href":"https:\/\/api.w.org\/{rel}","templated":true}]}}