{"id":3135,"date":"2024-10-31T06:07:09","date_gmt":"2024-10-31T05:07:09","guid":{"rendered":"https:\/\/boxmusic.com.pl\/?p=3135"},"modified":"2024-11-07T07:03:30","modified_gmt":"2024-11-07T06:03:30","slug":"czas-refleksji-i-wspomnien","status":"publish","type":"post","link":"https:\/\/boxmusic.com.pl\/index.php\/2024\/10\/31\/czas-refleksji-i-wspomnien\/","title":{"rendered":"Czas refleksji i wspomnie\u0144\u2026"},"content":{"rendered":"\n<p><strong>Pocz\u0105tek listopada to dla wszystkich z nas czas refleksji, wspomnie\u0144, rozmy\u015bla\u0144 o Tych, kt\u00f3rych ju\u017c zabrak\u0142o\u2026 W ostatnich latach na naszym \u015al\u0105skim Rynku te\u017c wiele si\u0119 zmieni\u0142o i zabrak\u0142o wielu Os\u00f3b, kt\u00f3re by\u0142y cz\u0119sto wr\u0119cz fundamentem naszej sceny\u2026<\/strong><\/p>\n\n\n\n<figure class=\"wp-block-image size-large\"><img loading=\"lazy\" decoding=\"async\" width=\"1024\" height=\"682\" src=\"https:\/\/boxmusic.com.pl\/wp-content\/uploads\/2022\/10\/Bogdan-Tyc-1024x682.jpg\" alt=\"Bogdan Tyc\" class=\"wp-image-2114\" srcset=\"https:\/\/boxmusic.com.pl\/wp-content\/uploads\/2022\/10\/Bogdan-Tyc-1024x682.jpg 1024w, https:\/\/boxmusic.com.pl\/wp-content\/uploads\/2022\/10\/Bogdan-Tyc-300x200.jpg 300w, https:\/\/boxmusic.com.pl\/wp-content\/uploads\/2022\/10\/Bogdan-Tyc-768x511.jpg 768w, https:\/\/boxmusic.com.pl\/wp-content\/uploads\/2022\/10\/Bogdan-Tyc-990x660.jpg 990w, https:\/\/boxmusic.com.pl\/wp-content\/uploads\/2022\/10\/Bogdan-Tyc-24x16.jpg 24w, https:\/\/boxmusic.com.pl\/wp-content\/uploads\/2022\/10\/Bogdan-Tyc-36x24.jpg 36w, https:\/\/boxmusic.com.pl\/wp-content\/uploads\/2022\/10\/Bogdan-Tyc-48x32.jpg 48w, https:\/\/boxmusic.com.pl\/wp-content\/uploads\/2022\/10\/Bogdan-Tyc.jpg 1500w\" sizes=\"auto, (max-width: 1024px) 100vw, 1024px\" \/><figcaption class=\"wp-element-caption\">Bogdan Tyc<\/figcaption><\/figure>\n\n\n\n<p>Dzie\u0144 Wszystkich \u015awi\u0119tych oraz Dzie\u0144 Zaduszny sk\u0142ania nas do refleksji i wspomnie\u0144\u2026 R\u00f3wnie\u017c dla nas. W ten szczeg\u00f3lny czas wspominamy Za\u0142o\u017cyciela i wieloletniego Szefa Wydawnictwa Box Music \u2013 Bogdana Tyca.<\/p>\n\n\n\n<p>Bogdan Tyc by\u0142 Wydawc\u0105, Producentem Muzycznym, Organizatorem koncert\u00f3w, Producentem Program\u00f3w telewizyjnych czy Autorem tekst\u00f3w.<\/p>\n\n\n\n<figure class=\"wp-block-image size-large is-resized\"><img loading=\"lazy\" decoding=\"async\" width=\"974\" height=\"1024\" src=\"https:\/\/boxmusic.com.pl\/wp-content\/uploads\/2024\/10\/Bogdan-Tyc-2z-974x1024.jpg\" alt=\"\" class=\"wp-image-3137\" style=\"width:375px;height:auto\" srcset=\"https:\/\/boxmusic.com.pl\/wp-content\/uploads\/2024\/10\/Bogdan-Tyc-2z-974x1024.jpg 974w, https:\/\/boxmusic.com.pl\/wp-content\/uploads\/2024\/10\/Bogdan-Tyc-2z-285x300.jpg 285w, https:\/\/boxmusic.com.pl\/wp-content\/uploads\/2024\/10\/Bogdan-Tyc-2z-768x807.jpg 768w, https:\/\/boxmusic.com.pl\/wp-content\/uploads\/2024\/10\/Bogdan-Tyc-2z-628x660.jpg 628w, https:\/\/boxmusic.com.pl\/wp-content\/uploads\/2024\/10\/Bogdan-Tyc-2z-24x24.jpg 24w, https:\/\/boxmusic.com.pl\/wp-content\/uploads\/2024\/10\/Bogdan-Tyc-2z-34x36.jpg 34w, https:\/\/boxmusic.com.pl\/wp-content\/uploads\/2024\/10\/Bogdan-Tyc-2z-46x48.jpg 46w, https:\/\/boxmusic.com.pl\/wp-content\/uploads\/2024\/10\/Bogdan-Tyc-2z.jpg 1070w\" sizes=\"auto, (max-width: 974px) 100vw, 974px\" \/><\/figure>\n\n\n\n<p>Bogdan Tyc za\u0142o\u017cy\u0142 Wydawnictwo Box Music w 1996 roku. Firma mia\u0142a okazj\u0119 na przestrzeni lat wsp\u00f3\u0142pracowa\u0107 i wydawa\u0107 p\u0142yty najwybitniejszych Artyst\u00f3w sceny Polskiej, jak te\u017c \u015al\u0105skiej (na kt\u00f3rej to scenie Wydawnictwo skupi\u0142o si\u0119 na pocz\u0105tku XXI wieku). Wiele z kr\u0105\u017ck\u00f3w spotka\u0142o si\u0119 z Waszym ogromnym uznaniem, zdobywaj\u0105c status z\u0142otych \u2013 Wydawnictwo z Bogdanem Tycem na czele mia\u0142o okazj\u0119 wsp\u00f3\u0142pracowa\u0107 z licznymi Artystami znanymi z brzmie\u0144 popowych, rockowych, bluesowych, a nawet\u2026 operowych. Bogdan Tyc niew\u0105tpliwie by\u0142 jednym ze wsp\u00f3\u0142tw\u00f3rc\u00f3w \u015al\u0105skiej Sceny Muzycznej, przyczyniaj\u0105c si\u0119 do jej kszta\u0142tu oraz wylansowania i promocji wielu bardzo utalentowanych Artyst\u00f3w naszego Regionu.<\/p>\n\n\n\n<p><\/p>\n\n\n\n<div class=\"wp-block-group is-nowrap is-layout-flex wp-container-core-group-is-layout-ad2f72ca wp-block-group-is-layout-flex\">\n<figure class=\"wp-block-image size-large is-resized\"><img loading=\"lazy\" decoding=\"async\" width=\"884\" height=\"1024\" src=\"https:\/\/boxmusic.com.pl\/wp-content\/uploads\/2024\/10\/bogdan-tyc-zzz-884x1024.jpg\" alt=\"\" class=\"wp-image-3136\" style=\"width:276px;height:auto\" srcset=\"https:\/\/boxmusic.com.pl\/wp-content\/uploads\/2024\/10\/bogdan-tyc-zzz-884x1024.jpg 884w, https:\/\/boxmusic.com.pl\/wp-content\/uploads\/2024\/10\/bogdan-tyc-zzz-259x300.jpg 259w, https:\/\/boxmusic.com.pl\/wp-content\/uploads\/2024\/10\/bogdan-tyc-zzz-768x889.jpg 768w, https:\/\/boxmusic.com.pl\/wp-content\/uploads\/2024\/10\/bogdan-tyc-zzz-570x660.jpg 570w, https:\/\/boxmusic.com.pl\/wp-content\/uploads\/2024\/10\/bogdan-tyc-zzz-21x24.jpg 21w, https:\/\/boxmusic.com.pl\/wp-content\/uploads\/2024\/10\/bogdan-tyc-zzz-31x36.jpg 31w, https:\/\/boxmusic.com.pl\/wp-content\/uploads\/2024\/10\/bogdan-tyc-zzz-41x48.jpg 41w, https:\/\/boxmusic.com.pl\/wp-content\/uploads\/2024\/10\/bogdan-tyc-zzz.jpg 1000w\" sizes=\"auto, (max-width: 884px) 100vw, 884px\" \/><\/figure>\n\n\n\n<p>Bogdan Tyc z muzyk\u0105 zwi\u0105zany by\u0142 od wczesnej m\u0142odo\u015bci, najpierw jako DJ (co w czasach minionego ustroju wymaga\u0142o specjalnych uprawnie\u0144), nast\u0119pnie w bran\u017cy wydawniczej. Bogdan Tyc by\u0142 r\u00f3wnie\u017c Pomys\u0142odawc\u0105, Scenarzyst\u0105, Wsp\u00f3\u0142tw\u00f3rc\u0105 program\u00f3w Telewizyjnych, w tym <em>My Wam to zagramy<\/em>, emitowanego w Telewizji TVS (ale te\u017c wielu innych produkcji w tej telewizji), jak te\u017c program\u00f3w Radiowych. Przez pewien czas prowadzi\u0142 nawet na Antenie Radia Piekary swoj\u0105 autorsk\u0105 audycj\u0119 \u2013 <em>Zagramy to jeszcze raz<\/em>. Na przestrzeni lat mia\u0142 okazj\u0119 wsp\u00f3\u0142pracowa\u0107 z wieloma mediami \u2013 TVP, TVP Katowice, TVS, licznymi stacjami Radiowymi\u2026 Bogdan Tyc by\u0142 r\u00f3wnie\u017c Pomys\u0142odawc\u0105, Organizatorem lub Wsp\u00f3\u0142organizatorem wielu wyj\u0105tkowych, presti\u017cowych imprez i koncert\u00f3w z udzia\u0142em Gwiazd Polskiej, a nawet \u015awiatowej Sceny Muzycznej. Nie zapominajmy r\u00f3wnie\u017c o licznych imprezach z udzia\u0142em Gwiazd naszej \u015al\u0105skiej Sceny Muzycznej, jak \u015al\u0105ska Gala Biesiadna.<\/p>\n<\/div>\n","protected":false},"excerpt":{"rendered":"<p>Pocz\u0105tek listopada to dla wszystkich z nas czas refleksji, wspomnie\u0144, rozmy\u015bla\u0144 o Tych, kt\u00f3rych ju\u017c zabrak\u0142o\u2026 W ostatnich latach na &hellip; <a href=\"https:\/\/boxmusic.com.pl\/index.php\/2024\/10\/31\/czas-refleksji-i-wspomnien\/\" class=\"more-link\"><span class=\"more-button\">Czytaj dalej<span class=\"screen-reader-text\">Czas refleksji i wspomnie\u0144\u2026<\/span><\/span><\/a><\/p>\n","protected":false},"author":3,"featured_media":3138,"comment_status":"closed","ping_status":"closed","sticky":false,"template":"","format":"standard","meta":{"footnotes":""},"categories":[3],"tags":[],"class_list":["post-3135","post","type-post","status-publish","format-standard","has-post-thumbnail","hentry","category-informacje"],"_links":{"self":[{"href":"https:\/\/boxmusic.com.pl\/index.php\/wp-json\/wp\/v2\/posts\/3135","targetHints":{"allow":["GET"]}}],"collection":[{"href":"https:\/\/boxmusic.com.pl\/index.php\/wp-json\/wp\/v2\/posts"}],"about":[{"href":"https:\/\/boxmusic.com.pl\/index.php\/wp-json\/wp\/v2\/types\/post"}],"author":[{"embeddable":true,"href":"https:\/\/boxmusic.com.pl\/index.php\/wp-json\/wp\/v2\/users\/3"}],"replies":[{"embeddable":true,"href":"https:\/\/boxmusic.com.pl\/index.php\/wp-json\/wp\/v2\/comments?post=3135"}],"version-history":[{"count":2,"href":"https:\/\/boxmusic.com.pl\/index.php\/wp-json\/wp\/v2\/posts\/3135\/revisions"}],"predecessor-version":[{"id":3141,"href":"https:\/\/boxmusic.com.pl\/index.php\/wp-json\/wp\/v2\/posts\/3135\/revisions\/3141"}],"wp:featuredmedia":[{"embeddable":true,"href":"https:\/\/boxmusic.com.pl\/index.php\/wp-json\/wp\/v2\/media\/3138"}],"wp:attachment":[{"href":"https:\/\/boxmusic.com.pl\/index.php\/wp-json\/wp\/v2\/media?parent=3135"}],"wp:term":[{"taxonomy":"category","embeddable":true,"href":"https:\/\/boxmusic.com.pl\/index.php\/wp-json\/wp\/v2\/categories?post=3135"},{"taxonomy":"post_tag","embeddable":true,"href":"https:\/\/boxmusic.com.pl\/index.php\/wp-json\/wp\/v2\/tags?post=3135"}],"curies":[{"name":"wp","href":"https:\/\/api.w.org\/{rel}","templated":true}]}}