{"id":3193,"date":"2024-12-30T05:03:58","date_gmt":"2024-12-30T04:03:58","guid":{"rendered":"https:\/\/boxmusic.com.pl\/?p=3193"},"modified":"2024-12-16T05:45:29","modified_gmt":"2024-12-16T04:45:29","slug":"sylwester-u-progu","status":"publish","type":"post","link":"https:\/\/boxmusic.com.pl\/index.php\/2024\/12\/30\/sylwester-u-progu\/","title":{"rendered":"Sylwester u progu"},"content":{"rendered":"\n<p><strong>Sylwester ju\u017c za kilka dni \u2013 czy macie ju\u017c plany na ten wyj\u0105tkowy wiecz\u00f3r? W ko\u0144cu taka noc jest tylko raz w roku\u2026 Z pewno\u015bci\u0105 cz\u0119\u015b\u0107 z Was wybiera si\u0119 na bale, przyj\u0119cia czy urocze prywatki (lub jak kto woli dom\u00f3wki). Intuicja podpowiada nam jednak, \u017ce spora grupa naszych Czytelnik\u00f3w po prostu postawi na nastrojowy wiecz\u00f3r w domowym zaciszu. Dla tych ostatnich mamy ciekawe muzyczne propozycje na sp\u0119dzenie wieczoru \u2013 oczywi\u015bcie z naszych kana\u0142\u00f3w na Youtube\u2026<\/strong><\/p>\n\n\n\n<p>C\u00f3\u017c, takiego wieczoru, jak wiecz\u00f3r sylwestrowy trudno wyobrazi\u0107 sobie bez muzyki. Co wybra\u0107? Wyb\u00f3r jest w\u0142a\u015bciwie nieograniczony \u2013 my nie\u015bmia\u0142o polecamy p\u0142yty, kt\u00f3re ukaza\u0142y si\u0119 nak\u0142adem naszego Wydawnictwa lub zagl\u0105danie na nasze kana\u0142y na Youtube, w ko\u0144cu znajdziecie tu hity w r\u00f3\u017cnych klimatach muzycznych.<\/p>\n\n\n\n<p>Je\u015bli w domowym zaciszu chcecie poczu\u0107 si\u0119 jak na koncercie, to mamy na to \u015bwietny pomys\u0142. Na naszych kana\u0142ach Youtube Box Music Bogdan Tyc oraz Box Music Official Audio znajdziecie w\u0142a\u015bciwie wszystkie edycje \u015al\u0105skiej Gali Biesiadnej, jakie odby\u0142y si\u0119 do tej pory \u2013 cudowne po\u0142\u0105czenie muzyki (w wykonaniu najwi\u0119kszych Gwiazd \u2013 i to nie tylko szlagierowej sceny), ta\u0144ca (w wykonaniu najlepszych grup tanecznych \u2013 jak Grupa Maraquja, czy np. Tancerze niezr\u00f3wnanego Teatru Rozrywki w Chorzowie), humoru, \u015bwietnej konferansjerki (Kabaret Rak, Joanna Bartel, Andrzej Mi\u015b, Marcin Janota, Sebastian Mierzwa\u2026) oraz efektownej scenografii. C\u00f3\u017c \u2013 materia\u0142u jest na tyle du\u017co, \u017ce chyba wystarczy na najd\u0142u\u017cszy sylwestrowy maraton. Niew\u0105tpliwie niejednego z Was porwie do ta\u0144ca\u2026 C\u00f3\u017c \u2013 koncert\u00f3w troszk\u0119 si\u0119 uzbiera\u0142o\u2026<\/p>\n\n\n\n<figure class=\"wp-block-embed is-type-video is-provider-youtube wp-block-embed-youtube wp-embed-aspect-16-9 wp-has-aspect-ratio\"><div class=\"wp-block-embed__wrapper\">\n<iframe loading=\"lazy\" title=\"\u015al\u0105ska Gala Biesiadna 2013 - ca\u0142o\u015b\u0107 koncertu\" width=\"990\" height=\"557\" src=\"https:\/\/www.youtube.com\/embed\/GeNlxM7hpLY?feature=oembed\" frameborder=\"0\" allow=\"accelerometer; autoplay; clipboard-write; encrypted-media; gyroscope; picture-in-picture; web-share\" referrerpolicy=\"strict-origin-when-cross-origin\" allowfullscreen><\/iframe>\n<\/div><\/figure>\n\n\n\n<figure class=\"wp-block-embed is-type-video is-provider-youtube wp-block-embed-youtube wp-embed-aspect-16-9 wp-has-aspect-ratio\"><div class=\"wp-block-embed__wrapper\">\n<iframe loading=\"lazy\" title=\"XI \u015al\u0105ska Gala Biesiadna 2018 - ca\u0142y koncert\" width=\"990\" height=\"557\" src=\"https:\/\/www.youtube.com\/embed\/q5ueQ0seOyk?feature=oembed\" frameborder=\"0\" allow=\"accelerometer; autoplay; clipboard-write; encrypted-media; gyroscope; picture-in-picture; web-share\" referrerpolicy=\"strict-origin-when-cross-origin\" allowfullscreen><\/iframe>\n<\/div><\/figure>\n\n\n\n<figure class=\"wp-block-embed is-type-video is-provider-youtube wp-block-embed-youtube wp-embed-aspect-4-3 wp-has-aspect-ratio\"><div class=\"wp-block-embed__wrapper\">\n<iframe loading=\"lazy\" title=\"V \u015al\u0105ska Gala Biesiadna 2012 - ca\u0142y koncert\" width=\"990\" height=\"743\" src=\"https:\/\/www.youtube.com\/embed\/pVcm8k_k1iU?feature=oembed\" frameborder=\"0\" allow=\"accelerometer; autoplay; clipboard-write; encrypted-media; gyroscope; picture-in-picture; web-share\" referrerpolicy=\"strict-origin-when-cross-origin\" allowfullscreen><\/iframe>\n<\/div><\/figure>\n\n\n\n<figure class=\"wp-block-embed is-type-video is-provider-youtube wp-block-embed-youtube wp-embed-aspect-16-9 wp-has-aspect-ratio\"><div class=\"wp-block-embed__wrapper\">\n<iframe loading=\"lazy\" title=\"XII \u015al\u0105ska Gala Biesiadna 2019 - ca\u0142y koncert\" width=\"990\" height=\"557\" src=\"https:\/\/www.youtube.com\/embed\/9J0FbND-NnM?feature=oembed\" frameborder=\"0\" allow=\"accelerometer; autoplay; clipboard-write; encrypted-media; gyroscope; picture-in-picture; web-share\" referrerpolicy=\"strict-origin-when-cross-origin\" allowfullscreen><\/iframe>\n<\/div><\/figure>\n","protected":false},"excerpt":{"rendered":"<p>Sylwester ju\u017c za kilka dni \u2013 czy macie ju\u017c plany na ten wyj\u0105tkowy wiecz\u00f3r? W ko\u0144cu taka noc jest tylko &hellip; <a href=\"https:\/\/boxmusic.com.pl\/index.php\/2024\/12\/30\/sylwester-u-progu\/\" class=\"more-link\"><span class=\"more-button\">Czytaj dalej<span class=\"screen-reader-text\">Sylwester u progu<\/span><\/span><\/a><\/p>\n","protected":false},"author":3,"featured_media":3194,"comment_status":"closed","ping_status":"closed","sticky":false,"template":"","format":"standard","meta":{"footnotes":""},"categories":[3],"tags":[],"class_list":["post-3193","post","type-post","status-publish","format-standard","has-post-thumbnail","hentry","category-informacje"],"_links":{"self":[{"href":"https:\/\/boxmusic.com.pl\/index.php\/wp-json\/wp\/v2\/posts\/3193","targetHints":{"allow":["GET"]}}],"collection":[{"href":"https:\/\/boxmusic.com.pl\/index.php\/wp-json\/wp\/v2\/posts"}],"about":[{"href":"https:\/\/boxmusic.com.pl\/index.php\/wp-json\/wp\/v2\/types\/post"}],"author":[{"embeddable":true,"href":"https:\/\/boxmusic.com.pl\/index.php\/wp-json\/wp\/v2\/users\/3"}],"replies":[{"embeddable":true,"href":"https:\/\/boxmusic.com.pl\/index.php\/wp-json\/wp\/v2\/comments?post=3193"}],"version-history":[{"count":1,"href":"https:\/\/boxmusic.com.pl\/index.php\/wp-json\/wp\/v2\/posts\/3193\/revisions"}],"predecessor-version":[{"id":3195,"href":"https:\/\/boxmusic.com.pl\/index.php\/wp-json\/wp\/v2\/posts\/3193\/revisions\/3195"}],"wp:featuredmedia":[{"embeddable":true,"href":"https:\/\/boxmusic.com.pl\/index.php\/wp-json\/wp\/v2\/media\/3194"}],"wp:attachment":[{"href":"https:\/\/boxmusic.com.pl\/index.php\/wp-json\/wp\/v2\/media?parent=3193"}],"wp:term":[{"taxonomy":"category","embeddable":true,"href":"https:\/\/boxmusic.com.pl\/index.php\/wp-json\/wp\/v2\/categories?post=3193"},{"taxonomy":"post_tag","embeddable":true,"href":"https:\/\/boxmusic.com.pl\/index.php\/wp-json\/wp\/v2\/tags?post=3193"}],"curies":[{"name":"wp","href":"https:\/\/api.w.org\/{rel}","templated":true}]}}