{"id":3673,"date":"2026-01-21T04:25:12","date_gmt":"2026-01-21T03:25:12","guid":{"rendered":"https:\/\/boxmusic.com.pl\/?p=3673"},"modified":"2026-01-16T04:30:37","modified_gmt":"2026-01-16T03:30:37","slug":"z-sentymentem-o-babciach-i-dziadkach","status":"publish","type":"post","link":"https:\/\/boxmusic.com.pl\/index.php\/2026\/01\/21\/z-sentymentem-o-babciach-i-dziadkach\/","title":{"rendered":"Z sentymentem o Babciach i Dziadkach"},"content":{"rendered":"\n<p><strong>Ostatnio przypomnieli\u015bmy piosenki o babci i dziadku, kt\u00f3rych raczej nie polecaliby\u015bmy do dedykacji na Dzie\u0144 Babci czy Dzie\u0144 Dziadka. Tym razem wi\u0119c przypomnijmy 2 utwory, kt\u00f3re niew\u0105tpliwie idealnie sprawdz\u0105 si\u0119 do \u017cycze\u0144 z okazji tych pi\u0119knych \u015awi\u0105t.<\/strong><\/p>\n\n\n\n<p>C\u00f3\u017c, piosenki o Babci i Dziadku cz\u0119sto utrzymane s\u0105 w humorystycznej konwencji. Je\u015bli jednak szukacie klasyki, kt\u00f3r\u0105 mo\u017cecie dorzuci\u0107 do \u017cycze\u0144 na Dzie\u0144 Babci czy Dzie\u0144 Dziadka, te\u017c co\u015b si\u0119 znajdzie\u2026<\/p>\n\n\n\n<p>Wiele, wiele lat temu ciep\u0142\u0105, mo\u017ce troszk\u0119 nostalgiczn\u0105, ale te\u017c pogodn\u0105 propozycj\u0119 o Babci, wdzi\u0119czno\u015bci do Niej, nagra\u0142 Zesp\u00f3\u0142 Duo Bayers. Utw\u00f3r nosi tytu\u0142 <em>Naszo Babcia<\/em> i utrzymany jest w typowej szlagierowej stylistyce. A sam\u0105 piosenk\u0119 chyba mo\u017cna dorzuci\u0107 do \u017cycze\u0144 dla Babci \u2013 nie tylko z Okazji Jej \u015awi\u0119ta.<\/p>\n\n\n\n<figure class=\"wp-block-embed is-type-video is-provider-youtube wp-block-embed-youtube wp-embed-aspect-16-9 wp-has-aspect-ratio\"><div class=\"wp-block-embed__wrapper\">\n<iframe loading=\"lazy\" title=\"Duo Bayer&#039;s - Naszo Babcia\" width=\"990\" height=\"557\" src=\"https:\/\/www.youtube.com\/embed\/sMaKxVYCZC4?list=PL1ThZKo6fVIoJXKWx6ANxuIQF96xycBLx\" frameborder=\"0\" allow=\"accelerometer; autoplay; clipboard-write; encrypted-media; gyroscope; picture-in-picture; web-share\" referrerpolicy=\"strict-origin-when-cross-origin\" allowfullscreen><\/iframe>\n<\/div><\/figure>\n\n\n\n<p>Drug\u0105 urokliw\u0105 propozycj\u0105, idealn\u0105 do \u017cycze\u0144 z okazji Dnia Babci i Dnia Dziadka, nagra\u0142a wiele lat temu Kapela ze \u015al\u0105ska \u2013 wtedy jeszcze ze \u015a.P. J\u00f3zefem Polokiem na czele (s\u0142yszymy tu te\u017c wokale Koli i Juli). Uroczy i wzruszaj\u0105cy utw\u00f3r nosi tytu\u0142 po prostu <em>O dziadkach<\/em>. Pi\u0119kna piosenka to wyrazy wdzi\u0119czno\u015bci dla ukochanej Babci oraz Dziadka, w dodatku jest bardzo \u0142adnie wykonana.<\/p>\n\n\n\n<figure class=\"wp-block-embed is-type-video is-provider-youtube wp-block-embed-youtube wp-embed-aspect-16-9 wp-has-aspect-ratio\"><div class=\"wp-block-embed__wrapper\">\n<iframe loading=\"lazy\" title=\"J\u00f3zef Polok - O Dziadkach\" width=\"990\" height=\"557\" src=\"https:\/\/www.youtube.com\/embed\/FhAHEnMS7X4?list=PL1ThZKo6fVIoJXKWx6ANxuIQF96xycBLx\" frameborder=\"0\" allow=\"accelerometer; autoplay; clipboard-write; encrypted-media; gyroscope; picture-in-picture; web-share\" referrerpolicy=\"strict-origin-when-cross-origin\" allowfullscreen><\/iframe>\n<\/div><\/figure>\n","protected":false},"excerpt":{"rendered":"<p>Ostatnio przypomnieli\u015bmy piosenki o babci i dziadku, kt\u00f3rych raczej nie polecaliby\u015bmy do dedykacji na Dzie\u0144 Babci czy Dzie\u0144 Dziadka. Tym &hellip; <a href=\"https:\/\/boxmusic.com.pl\/index.php\/2026\/01\/21\/z-sentymentem-o-babciach-i-dziadkach\/\" class=\"more-link\"><span class=\"more-button\">Czytaj dalej<span class=\"screen-reader-text\">Z sentymentem o Babciach i Dziadkach<\/span><\/span><\/a><\/p>\n","protected":false},"author":3,"featured_media":2230,"comment_status":"closed","ping_status":"closed","sticky":false,"template":"","format":"standard","meta":{"footnotes":""},"categories":[3],"tags":[],"class_list":["post-3673","post","type-post","status-publish","format-standard","has-post-thumbnail","hentry","category-informacje"],"_links":{"self":[{"href":"https:\/\/boxmusic.com.pl\/index.php\/wp-json\/wp\/v2\/posts\/3673","targetHints":{"allow":["GET"]}}],"collection":[{"href":"https:\/\/boxmusic.com.pl\/index.php\/wp-json\/wp\/v2\/posts"}],"about":[{"href":"https:\/\/boxmusic.com.pl\/index.php\/wp-json\/wp\/v2\/types\/post"}],"author":[{"embeddable":true,"href":"https:\/\/boxmusic.com.pl\/index.php\/wp-json\/wp\/v2\/users\/3"}],"replies":[{"embeddable":true,"href":"https:\/\/boxmusic.com.pl\/index.php\/wp-json\/wp\/v2\/comments?post=3673"}],"version-history":[{"count":1,"href":"https:\/\/boxmusic.com.pl\/index.php\/wp-json\/wp\/v2\/posts\/3673\/revisions"}],"predecessor-version":[{"id":3674,"href":"https:\/\/boxmusic.com.pl\/index.php\/wp-json\/wp\/v2\/posts\/3673\/revisions\/3674"}],"wp:featuredmedia":[{"embeddable":true,"href":"https:\/\/boxmusic.com.pl\/index.php\/wp-json\/wp\/v2\/media\/2230"}],"wp:attachment":[{"href":"https:\/\/boxmusic.com.pl\/index.php\/wp-json\/wp\/v2\/media?parent=3673"}],"wp:term":[{"taxonomy":"category","embeddable":true,"href":"https:\/\/boxmusic.com.pl\/index.php\/wp-json\/wp\/v2\/categories?post=3673"},{"taxonomy":"post_tag","embeddable":true,"href":"https:\/\/boxmusic.com.pl\/index.php\/wp-json\/wp\/v2\/tags?post=3673"}],"curies":[{"name":"wp","href":"https:\/\/api.w.org\/{rel}","templated":true}]}}