{"id":3769,"date":"2026-04-23T07:23:22","date_gmt":"2026-04-23T05:23:22","guid":{"rendered":"https:\/\/boxmusic.com.pl\/?p=3769"},"modified":"2026-03-20T09:27:51","modified_gmt":"2026-03-20T08:27:51","slug":"wspomnienia-z-usmiechem","status":"publish","type":"post","link":"https:\/\/boxmusic.com.pl\/index.php\/2026\/04\/23\/wspomnienia-z-usmiechem\/","title":{"rendered":"Wspomnienia z u\u015bmiechem"},"content":{"rendered":"\n<p><strong>Ostatnio wspomnieli\u015bmy o wyst\u0119pach Kabaret\u00f3w na \u015al\u0105skich Gala Biesiadnych. Na przestrzeni lat na \u015al\u0105skich Galach Biesiadnych nie brakowa\u0142o znanych Kabaret\u00f3w i Kabareciarzy\u2026<\/strong><\/p>\n\n\n\n<p>Kabaretowe akcenty na \u015al\u0105skich Gala Biesiadnych zawsze odgrywa\u0142y bardzo wa\u017cn\u0105 rol\u0119. Na jednej z pierwszych \u015al\u0105skich Gal Biesiadnych sw\u00f3j jubileusz \u015awi\u0119towa\u0142 legendarny Kabaret Rak. W\u0142a\u015bciwie ca\u0142a pierwsza po\u0142owa koncertu, to by\u0142y wyst\u0119py legendarnego Kabaretu \u2013 Wedy jeszcze w 3-osobowym sk\u0142adzie, z Grzegorzem Poloczkiem i nieod\u017ca\u0142owanym Krzysztofem Respondkiem.<\/p>\n\n\n\n<figure class=\"wp-block-embed is-type-video is-provider-youtube wp-block-embed-youtube wp-embed-aspect-4-3 wp-has-aspect-ratio\"><div class=\"wp-block-embed__wrapper\">\n<iframe loading=\"lazy\" title=\"III \u015al\u0105ska Gala Biesiadna 2010 - ca\u0142y koncert\" width=\"990\" height=\"743\" src=\"https:\/\/www.youtube.com\/embed\/rOrPyOWsuWQ?feature=oembed\" frameborder=\"0\" allow=\"accelerometer; autoplay; clipboard-write; encrypted-media; gyroscope; picture-in-picture; web-share\" referrerpolicy=\"strict-origin-when-cross-origin\" allowfullscreen><\/iframe>\n<\/div><\/figure>\n\n\n\n<p>Jak ju\u017c wspomnieli\u015bmy, Krzysztof Hanke z Kabaretu Rak pojawi\u0142 si\u0119 te\u017c na jednej z p\u00f3\u017aniejszych Gal \u2013 w roli wsp\u00f3\u0142prowadz\u0105cego.<\/p>\n\n\n\n<p>Od momentu odej\u015bcia z Kabaretu Rak, sta\u0142ym Go\u015bciem niemal ka\u017cdej \u015al\u0105skiej Gali Biesiadnej by\u0142 te\u017c Grzegorz Poloczek, kt\u00f3ry poza swoimi barwnymi piosenkami, bawi\u0142 Publiczno\u015b\u0107 swoimi obrazowymi monologami.<\/p>\n\n\n\n<figure class=\"wp-block-embed is-type-video is-provider-youtube wp-block-embed-youtube wp-embed-aspect-16-9 wp-has-aspect-ratio\"><div class=\"wp-block-embed__wrapper\">\n<iframe loading=\"lazy\" title=\"\ud83c\udf7b VI \u015al\u0105ska Gala Biesiadna 2013 - koncert cz\u0119\u015b\u0107 1\/2 \ud83c\udf89\ud83c\udf7b\ud83e\udd58 [FullHD]\" width=\"990\" height=\"557\" src=\"https:\/\/www.youtube.com\/embed\/JHOs_RTjass?start=904&#038;feature=oembed\" frameborder=\"0\" allow=\"accelerometer; autoplay; clipboard-write; encrypted-media; gyroscope; picture-in-picture; web-share\" referrerpolicy=\"strict-origin-when-cross-origin\" allowfullscreen><\/iframe>\n<\/div><\/figure>\n\n\n\n<p><\/p>\n\n\n\n<p>Gwiazd\u0105 2 \u015al\u0105skich Gal Biesiadnych by\u0142 te\u017c pochodz\u0105cy z Rybnika Kabaret M\u0142odych Pan\u00f3w. Nasze \u015bl\u0105skie ch\u0142opaki oczywi\u015bcie musia\u0142y zaszale\u0107 \u2013 chwilami id\u0105c nieco po bandzie. Tak czy inaczej Publiczno\u015b\u0107 by\u0142a zachwycona.<\/p>\n\n\n\n<figure class=\"wp-block-embed is-type-video is-provider-youtube wp-block-embed-youtube wp-embed-aspect-16-9 wp-has-aspect-ratio\"><div class=\"wp-block-embed__wrapper\">\n<iframe loading=\"lazy\" title=\"\ud83c\udf7b VI \u015al\u0105ska Gala Biesiadna 2013 - koncert cz\u0119\u015b\u0107 2\/2 \ud83c\udf89\ud83c\udf7b\ud83e\udd58 [FullHD]\" width=\"990\" height=\"557\" src=\"https:\/\/www.youtube.com\/embed\/g0j27CtdQ3Q?start=1636&#038;feature=oembed\" frameborder=\"0\" allow=\"accelerometer; autoplay; clipboard-write; encrypted-media; gyroscope; picture-in-picture; web-share\" referrerpolicy=\"strict-origin-when-cross-origin\" allowfullscreen><\/iframe>\n<\/div><\/figure>\n","protected":false},"excerpt":{"rendered":"<p>Ostatnio wspomnieli\u015bmy o wyst\u0119pach Kabaret\u00f3w na \u015al\u0105skich Gala Biesiadnych. Na przestrzeni lat na \u015al\u0105skich Galach Biesiadnych nie brakowa\u0142o znanych Kabaret\u00f3w &hellip; <a href=\"https:\/\/boxmusic.com.pl\/index.php\/2026\/04\/23\/wspomnienia-z-usmiechem\/\" class=\"more-link\"><span class=\"more-button\">Czytaj dalej<span class=\"screen-reader-text\">Wspomnienia z u\u015bmiechem<\/span><\/span><\/a><\/p>\n","protected":false},"author":3,"featured_media":3770,"comment_status":"closed","ping_status":"closed","sticky":false,"template":"","format":"standard","meta":{"footnotes":""},"categories":[3],"tags":[],"class_list":["post-3769","post","type-post","status-publish","format-standard","has-post-thumbnail","hentry","category-informacje"],"_links":{"self":[{"href":"https:\/\/boxmusic.com.pl\/index.php\/wp-json\/wp\/v2\/posts\/3769","targetHints":{"allow":["GET"]}}],"collection":[{"href":"https:\/\/boxmusic.com.pl\/index.php\/wp-json\/wp\/v2\/posts"}],"about":[{"href":"https:\/\/boxmusic.com.pl\/index.php\/wp-json\/wp\/v2\/types\/post"}],"author":[{"embeddable":true,"href":"https:\/\/boxmusic.com.pl\/index.php\/wp-json\/wp\/v2\/users\/3"}],"replies":[{"embeddable":true,"href":"https:\/\/boxmusic.com.pl\/index.php\/wp-json\/wp\/v2\/comments?post=3769"}],"version-history":[{"count":1,"href":"https:\/\/boxmusic.com.pl\/index.php\/wp-json\/wp\/v2\/posts\/3769\/revisions"}],"predecessor-version":[{"id":3771,"href":"https:\/\/boxmusic.com.pl\/index.php\/wp-json\/wp\/v2\/posts\/3769\/revisions\/3771"}],"wp:featuredmedia":[{"embeddable":true,"href":"https:\/\/boxmusic.com.pl\/index.php\/wp-json\/wp\/v2\/media\/3770"}],"wp:attachment":[{"href":"https:\/\/boxmusic.com.pl\/index.php\/wp-json\/wp\/v2\/media?parent=3769"}],"wp:term":[{"taxonomy":"category","embeddable":true,"href":"https:\/\/boxmusic.com.pl\/index.php\/wp-json\/wp\/v2\/categories?post=3769"},{"taxonomy":"post_tag","embeddable":true,"href":"https:\/\/boxmusic.com.pl\/index.php\/wp-json\/wp\/v2\/tags?post=3769"}],"curies":[{"name":"wp","href":"https:\/\/api.w.org\/{rel}","templated":true}]}}