{"id":3923,"date":"2026-08-30T23:51:18","date_gmt":"2026-08-30T21:51:18","guid":{"rendered":"https:\/\/boxmusic.com.pl\/?p=3923"},"modified":"2026-08-05T00:02:54","modified_gmt":"2026-08-04T22:02:54","slug":"z-letnim-akcentem-na-koniec-wakacji","status":"publish","type":"post","link":"https:\/\/boxmusic.com.pl\/index.php\/2026\/08\/30\/z-letnim-akcentem-na-koniec-wakacji\/","title":{"rendered":"Z letnim akcentem na koniec wakacji"},"content":{"rendered":"\n<p class=\"wp-block-paragraph\"><strong>Wakacje nieub\u0142aganie chyl\u0105 si\u0119 ku ko\u0144cowi niemniej przed nami przecie\u017c jeszcze kilka tygodni lata (a p\u00f3\u017aniej jeszcze babiego lata\u2026). Tak wi\u0119c my kontynuujemy przegl\u0105d naszych kana\u0142\u00f3w w poszukiwaniu piosenek opowiadaj\u0105cych o lecie.<\/strong><\/p>\n\n\n\n<p class=\"wp-block-paragraph\">Na pocz\u0105tek powracamy do naszego najwi\u0119kszego specjalisty od piosenek o lecie i wakacjach \u2013 przeboju <em>Letnia mi\u0142o\u015b\u0107<\/em>. Tu Stachowi uda\u0142o si\u0119 zgrabnie po\u0142\u0105czy\u0107 letnie, po\u0142udniowe rytmy oraz odrobin\u0119 romantyzmu, w ko\u0144cu tekst opowiada o mi\u0142o\u015bci, niemniej lato odgrywa tu istotn\u0105 rol\u0119. A do tego urokliwy teledysk w greckiej scenerii p\u00f3\u017anego lata \u2013 tak akurat na koniec wakacji\u2026<\/p>\n\n\n\n<figure class=\"wp-block-embed is-type-video is-provider-youtube wp-block-embed-youtube wp-embed-aspect-16-9 wp-has-aspect-ratio\"><div class=\"wp-block-embed__wrapper\">\n<iframe loading=\"lazy\" title=\"Stach - Letnia mi\u0142o\u015b\u0107\" width=\"990\" height=\"557\" src=\"https:\/\/www.youtube.com\/embed\/neAOG3ikm8I?list=PL1ThZKo6fVIq4dB3G896G3ziOVjHwtbOW\" frameborder=\"0\" allow=\"accelerometer; autoplay; clipboard-write; encrypted-media; gyroscope; picture-in-picture; web-share\" referrerpolicy=\"strict-origin-when-cross-origin\" allowfullscreen><\/iframe>\n<\/div><\/figure>\n\n\n\n<p class=\"wp-block-paragraph\">Barwn\u0105 i pe\u0142n\u0105 energii piosenk\u0119 opowiadaj\u0105c\u0105 o lecie i jego urokach nagra\u0142 te\u017c Zesp\u00f3\u0142 Fest. Mowa o troszk\u0119 zapomnianej piosence <em>Momy lato<\/em>. Pami\u0119tacie taki wakacyjny i s\u0142oneczny kawa\u0142ek? <\/p>\n\n\n\n<figure class=\"wp-block-embed is-type-video is-provider-youtube wp-block-embed-youtube wp-embed-aspect-16-9 wp-has-aspect-ratio\"><div class=\"wp-block-embed__wrapper\">\n<iframe loading=\"lazy\" title=\"Fest - Momy Lato\" width=\"990\" height=\"557\" src=\"https:\/\/www.youtube.com\/embed\/ifnAjSY5bQ8?list=PL1ThZKo6fVIq4dB3G896G3ziOVjHwtbOW\" frameborder=\"0\" allow=\"accelerometer; autoplay; clipboard-write; encrypted-media; gyroscope; picture-in-picture; web-share\" referrerpolicy=\"strict-origin-when-cross-origin\" allowfullscreen><\/iframe>\n<\/div><\/figure>\n\n\n\n<p class=\"wp-block-paragraph\">Nie mo\u017cemy te\u017c zapomina\u0107 o Damianie Holeckim. Artysta te\u017c \u015bwietnie czuje si\u0119 w klimatach wakacyjnych. Tu z pewno\u015bci\u0105 warto przypomnie\u0107 wielki hicior Damiana z lekkim orientalnym akcentem \u2013 czyli <em>Lato w to lato<\/em>. Od pierwszych takt\u00f3w piosenka kojarzy nam si\u0119 z wakacjami, zarazem przenosi nas gdzie\u015b w \u015bwiat orientu, niemal jak z Ba\u015bni 1000 i jednej nocy\u2026 Do tego r\u00f3wnie egzotyczny teledysk \u2013 zrealizowany w pi\u0119knej Turcji.<\/p>\n\n\n\n<figure class=\"wp-block-embed is-type-video is-provider-youtube wp-block-embed-youtube wp-embed-aspect-16-9 wp-has-aspect-ratio\"><div class=\"wp-block-embed__wrapper\">\n<iframe loading=\"lazy\" title=\"Damian Holecki -  Lato w to lato\" width=\"990\" height=\"557\" src=\"https:\/\/www.youtube.com\/embed\/JkcBjmsiUoc?list=PL1ThZKo6fVIq4dB3G896G3ziOVjHwtbOW\" frameborder=\"0\" allow=\"accelerometer; autoplay; clipboard-write; encrypted-media; gyroscope; picture-in-picture; web-share\" referrerpolicy=\"strict-origin-when-cross-origin\" allowfullscreen><\/iframe>\n<\/div><\/figure>\n","protected":false},"excerpt":{"rendered":"<p>Wakacje nieub\u0142aganie chyl\u0105 si\u0119 ku ko\u0144cowi niemniej przed nami przecie\u017c jeszcze kilka tygodni lata (a p\u00f3\u017aniej jeszcze babiego lata\u2026). Tak &hellip; <a href=\"https:\/\/boxmusic.com.pl\/index.php\/2026\/08\/30\/z-letnim-akcentem-na-koniec-wakacji\/\" class=\"more-link\"><span class=\"more-button\">Czytaj dalej<span class=\"screen-reader-text\">Z letnim akcentem na koniec wakacji<\/span><\/span><\/a><\/p>\n","protected":false},"author":3,"featured_media":1974,"comment_status":"closed","ping_status":"closed","sticky":false,"template":"","format":"standard","meta":{"footnotes":""},"categories":[3],"tags":[],"class_list":["post-3923","post","type-post","status-publish","format-standard","has-post-thumbnail","hentry","category-informacje"],"_links":{"self":[{"href":"https:\/\/boxmusic.com.pl\/index.php\/wp-json\/wp\/v2\/posts\/3923","targetHints":{"allow":["GET"]}}],"collection":[{"href":"https:\/\/boxmusic.com.pl\/index.php\/wp-json\/wp\/v2\/posts"}],"about":[{"href":"https:\/\/boxmusic.com.pl\/index.php\/wp-json\/wp\/v2\/types\/post"}],"author":[{"embeddable":true,"href":"https:\/\/boxmusic.com.pl\/index.php\/wp-json\/wp\/v2\/users\/3"}],"replies":[{"embeddable":true,"href":"https:\/\/boxmusic.com.pl\/index.php\/wp-json\/wp\/v2\/comments?post=3923"}],"version-history":[{"count":1,"href":"https:\/\/boxmusic.com.pl\/index.php\/wp-json\/wp\/v2\/posts\/3923\/revisions"}],"predecessor-version":[{"id":3924,"href":"https:\/\/boxmusic.com.pl\/index.php\/wp-json\/wp\/v2\/posts\/3923\/revisions\/3924"}],"wp:featuredmedia":[{"embeddable":true,"href":"https:\/\/boxmusic.com.pl\/index.php\/wp-json\/wp\/v2\/media\/1974"}],"wp:attachment":[{"href":"https:\/\/boxmusic.com.pl\/index.php\/wp-json\/wp\/v2\/media?parent=3923"}],"wp:term":[{"taxonomy":"category","embeddable":true,"href":"https:\/\/boxmusic.com.pl\/index.php\/wp-json\/wp\/v2\/categories?post=3923"},{"taxonomy":"post_tag","embeddable":true,"href":"https:\/\/boxmusic.com.pl\/index.php\/wp-json\/wp\/v2\/tags?post=3923"}],"curies":[{"name":"wp","href":"https:\/\/api.w.org\/{rel}","templated":true}]}}