{"id":3946,"date":"2026-09-03T06:24:25","date_gmt":"2026-09-03T04:24:25","guid":{"rendered":"https:\/\/boxmusic.com.pl\/?p=3946"},"modified":"2026-09-03T06:24:26","modified_gmt":"2026-09-03T04:24:26","slug":"gdzie-spotkac-na-zywo-artystow-naszej-sceny","status":"publish","type":"post","link":"https:\/\/boxmusic.com.pl\/index.php\/2026\/09\/03\/gdzie-spotkac-na-zywo-artystow-naszej-sceny\/","title":{"rendered":"Gdzie spotka\u0107 na \u017cywo Artyst\u00f3w naszej sceny?"},"content":{"rendered":"\n<p class=\"wp-block-paragraph\"><strong>Cho\u0107 wakacje niestety za nami, lato trwa, a wraz z nim sezon na imprezy plenerowe. W najbli\u017cszych dniach (co ciekawe nie tylko w weekend) nie zabraknie okazji do spotkania na \u017cywo z naszymi zaprzyja\u017anionymi Artystami.<\/strong><\/p>\n\n\n\n<p class=\"wp-block-paragraph\">Ju\u017c w sobot\u0119 5 wrze\u015bnia w Sadowie (ko\u0142o Lubli\u0144ca) Do\u017cynki poprowadzi, ale te\u017c za\u015bpiewa na nich Bernadeta Kowalska. Sk\u0105din\u0105d z ciekawostek mo\u017cemy doda\u0107, \u017ce wiele, wiele lat temu Deta nagra\u0142a w\u0142a\u015bnie w Sadowie jeden ze swoich teledysk\u00f3w.<\/p>\n\n\n\n<figure class=\"wp-block-embed is-type-video is-provider-youtube wp-block-embed-youtube wp-embed-aspect-16-9 wp-has-aspect-ratio\"><div class=\"wp-block-embed__wrapper\">\n<iframe loading=\"lazy\" title=\"Bernadeta Kowalska i Przyjaciele - Ta\u0144czy\u0107 chc\u0119\" width=\"990\" height=\"557\" src=\"https:\/\/www.youtube.com\/embed\/xCeB6psHYoY?feature=oembed\" frameborder=\"0\" allow=\"accelerometer; autoplay; clipboard-write; encrypted-media; gyroscope; picture-in-picture; web-share\" referrerpolicy=\"strict-origin-when-cross-origin\" allowfullscreen><\/iframe>\n<\/div><\/figure>\n\n\n\n<p class=\"wp-block-paragraph\">5 wrze\u015bnia w ramach Dni Che\u0142mu \u015al\u0105skiego, na do\u017cynkach w Kopciowicach wyst\u0105pi natomiast Damian Holecki.<\/p>\n\n\n\n<figure class=\"wp-block-embed is-type-video is-provider-youtube wp-block-embed-youtube wp-embed-aspect-16-9 wp-has-aspect-ratio\"><div class=\"wp-block-embed__wrapper\">\n<iframe loading=\"lazy\" title=\"Damian Holecki - \u017byj nam przez d\u0142ugie lata\" width=\"990\" height=\"557\" src=\"https:\/\/www.youtube.com\/embed\/yVZKQJMR0A0?feature=oembed\" frameborder=\"0\" allow=\"accelerometer; autoplay; clipboard-write; encrypted-media; gyroscope; picture-in-picture; web-share\" referrerpolicy=\"strict-origin-when-cross-origin\" allowfullscreen><\/iframe>\n<\/div><\/figure>\n\n\n\n<p class=\"wp-block-paragraph\">5 wrze\u015bnia wspomniana ju\u017c Bernadeta Kowalska wyst\u0105pi te\u017c na Boronowskiej Biesiadzie w urokliwym Boronowie na p\u00f3\u0142nocy naszego Regionu.<\/p>\n\n\n\n<figure class=\"wp-block-embed is-type-video is-provider-youtube wp-block-embed-youtube wp-embed-aspect-16-9 wp-has-aspect-ratio\"><div class=\"wp-block-embed__wrapper\">\n<iframe loading=\"lazy\" title=\"Bernadeta Kowalska i Przyjaciele - Steven Jive (official video)\" width=\"990\" height=\"557\" src=\"https:\/\/www.youtube.com\/embed\/e_H4EKptYDo?feature=oembed\" frameborder=\"0\" allow=\"accelerometer; autoplay; clipboard-write; encrypted-media; gyroscope; picture-in-picture; web-share\" referrerpolicy=\"strict-origin-when-cross-origin\" allowfullscreen><\/iframe>\n<\/div><\/figure>\n\n\n\n<p class=\"wp-block-paragraph\">R\u00f3wnie\u017c 5 wrze\u015bnia w Katowicach na Jubileuszu 200 lat J\u00f3zefowca i 225 lat We\u0142nowca wyst\u0105pi natomiast Grzegorz Poloczek z Kabaretem.<\/p>\n\n\n\n<figure class=\"wp-block-embed is-type-video is-provider-youtube wp-block-embed-youtube wp-embed-aspect-16-9 wp-has-aspect-ratio\"><div class=\"wp-block-embed__wrapper\">\n<iframe loading=\"lazy\" title=\"Grzegorz Poloczek - Malinkonija (official video)\" width=\"990\" height=\"557\" src=\"https:\/\/www.youtube.com\/embed\/mLyW0KlLBwU?feature=oembed\" frameborder=\"0\" allow=\"accelerometer; autoplay; clipboard-write; encrypted-media; gyroscope; picture-in-picture; web-share\" referrerpolicy=\"strict-origin-when-cross-origin\" allowfullscreen><\/iframe>\n<\/div><\/figure>\n\n\n\n<p class=\"wp-block-paragraph\">6 wrze\u015bnia na do\u017cynkach w D\u0105br\u00f3wce G\u00f3rnej w gminie Krapkowice na Opolszczy\u017anie wyst\u0105pi m.in. Damian Holecki.<\/p>\n\n\n\n<figure class=\"wp-block-embed is-type-video is-provider-youtube wp-block-embed-youtube wp-embed-aspect-16-9 wp-has-aspect-ratio\"><div class=\"wp-block-embed__wrapper\">\n<iframe loading=\"lazy\" title=\"Damian Holecki - Z\u0142ote kasztany\" width=\"990\" height=\"557\" src=\"https:\/\/www.youtube.com\/embed\/xQwi0LMIbmU?feature=oembed\" frameborder=\"0\" allow=\"accelerometer; autoplay; clipboard-write; encrypted-media; gyroscope; picture-in-picture; web-share\" referrerpolicy=\"strict-origin-when-cross-origin\" allowfullscreen><\/iframe>\n<\/div><\/figure>\n\n\n\n<p class=\"wp-block-paragraph\">6 wrze\u015bnia w Gogo\u0142owej \u2013 w Gminie Mszana \u2013 podczas do\u017cynek pojawi si\u0119 Grzegorz Poloczek z Kabaretem.<\/p>\n\n\n\n<figure class=\"wp-block-embed is-type-video is-provider-youtube wp-block-embed-youtube wp-embed-aspect-16-9 wp-has-aspect-ratio\"><div class=\"wp-block-embed__wrapper\">\n<iframe loading=\"lazy\" title=\"Grzegorz Poloczek - Och Usia Usia (Koncert \u015al\u0105ska Gala Biesiadna 2013) HD\" width=\"990\" height=\"557\" src=\"https:\/\/www.youtube.com\/embed\/iLj0ApCsNCQ?feature=oembed\" frameborder=\"0\" allow=\"accelerometer; autoplay; clipboard-write; encrypted-media; gyroscope; picture-in-picture; web-share\" referrerpolicy=\"strict-origin-when-cross-origin\" allowfullscreen><\/iframe>\n<\/div><\/figure>\n\n\n\n<p class=\"wp-block-paragraph\">W \u015brod\u0119 9 wrze\u015bnia na Stadionie \u015al\u0105skim odb\u0119dzie si\u0119 Gala Fina\u0142owa Silver Silesia, po\u0142\u0105czona z Fina\u0142em A Kto nam Zabroni TVP 3 Katowice. Go\u015bcinnie wyst\u0105pi tu Damian Holecki.<\/p>\n\n\n\n<figure class=\"wp-block-embed is-type-video is-provider-youtube wp-block-embed-youtube wp-embed-aspect-16-9 wp-has-aspect-ratio\"><div class=\"wp-block-embed__wrapper\">\n<iframe loading=\"lazy\" title=\"Damian Holecki &amp;apos;Jak ptak&amp;apos; Koncert \u015al\u0105ska Gala Biesiadna 2015\" width=\"990\" height=\"557\" src=\"https:\/\/www.youtube.com\/embed\/s8Z-us3LMeE?feature=oembed\" frameborder=\"0\" allow=\"accelerometer; autoplay; clipboard-write; encrypted-media; gyroscope; picture-in-picture; web-share\" referrerpolicy=\"strict-origin-when-cross-origin\" allowfullscreen><\/iframe>\n<\/div><\/figure>\n","protected":false},"excerpt":{"rendered":"<p>Cho\u0107 wakacje niestety za nami, lato trwa, a wraz z nim sezon na imprezy plenerowe. W najbli\u017cszych dniach (co ciekawe &hellip; <a href=\"https:\/\/boxmusic.com.pl\/index.php\/2026\/09\/03\/gdzie-spotkac-na-zywo-artystow-naszej-sceny\/\" class=\"more-link\"><span class=\"more-button\">Czytaj dalej<span class=\"screen-reader-text\">Gdzie spotka\u0107 na \u017cywo Artyst\u00f3w naszej sceny?<\/span><\/span><\/a><\/p>\n","protected":false},"author":3,"featured_media":1974,"comment_status":"closed","ping_status":"closed","sticky":false,"template":"","format":"standard","meta":{"footnotes":""},"categories":[3],"tags":[],"class_list":["post-3946","post","type-post","status-publish","format-standard","has-post-thumbnail","hentry","category-informacje"],"_links":{"self":[{"href":"https:\/\/boxmusic.com.pl\/index.php\/wp-json\/wp\/v2\/posts\/3946","targetHints":{"allow":["GET"]}}],"collection":[{"href":"https:\/\/boxmusic.com.pl\/index.php\/wp-json\/wp\/v2\/posts"}],"about":[{"href":"https:\/\/boxmusic.com.pl\/index.php\/wp-json\/wp\/v2\/types\/post"}],"author":[{"embeddable":true,"href":"https:\/\/boxmusic.com.pl\/index.php\/wp-json\/wp\/v2\/users\/3"}],"replies":[{"embeddable":true,"href":"https:\/\/boxmusic.com.pl\/index.php\/wp-json\/wp\/v2\/comments?post=3946"}],"version-history":[{"count":1,"href":"https:\/\/boxmusic.com.pl\/index.php\/wp-json\/wp\/v2\/posts\/3946\/revisions"}],"predecessor-version":[{"id":3947,"href":"https:\/\/boxmusic.com.pl\/index.php\/wp-json\/wp\/v2\/posts\/3946\/revisions\/3947"}],"wp:featuredmedia":[{"embeddable":true,"href":"https:\/\/boxmusic.com.pl\/index.php\/wp-json\/wp\/v2\/media\/1974"}],"wp:attachment":[{"href":"https:\/\/boxmusic.com.pl\/index.php\/wp-json\/wp\/v2\/media?parent=3946"}],"wp:term":[{"taxonomy":"category","embeddable":true,"href":"https:\/\/boxmusic.com.pl\/index.php\/wp-json\/wp\/v2\/categories?post=3946"},{"taxonomy":"post_tag","embeddable":true,"href":"https:\/\/boxmusic.com.pl\/index.php\/wp-json\/wp\/v2\/tags?post=3946"}],"curies":[{"name":"wp","href":"https:\/\/api.w.org\/{rel}","templated":true}]}}