{"id":759,"date":"2020-09-29T04:23:00","date_gmt":"2020-09-29T02:23:00","guid":{"rendered":"https:\/\/boxmusic.com.pl\/?p=759"},"modified":"2024-11-07T07:03:37","modified_gmt":"2024-11-07T06:03:37","slug":"w-rytmach-jesieni","status":"publish","type":"post","link":"https:\/\/boxmusic.com.pl\/index.php\/2020\/09\/29\/w-rytmach-jesieni\/","title":{"rendered":"W rytmach jesieni\u2026"},"content":{"rendered":"\n<p><strong>Niestety, tegoroczne lato przesz\u0142o ju\u017c do historii. Pogoda by\u0142a zmienna, ale generalnie nie ma co narzeka\u0107. Czas na jesie\u0144 \u2013 barwn\u0105 por\u0119 roku, kt\u00f3ra sta\u0142a si\u0119 inspiracj\u0105 dla wielu Artyst\u00f3w.<\/strong><\/p>\n\n\n\n<p>Skoro mowa o jesieni \u2013 ta kolorowa pora roku znalaz\u0142a odzwierciedlenie w wielu piosenkach i teledyskach. Na naszym kanale na Youtube znajdziecie playlist\u0119 ze specjalnie wybranymi jesiennymi propozycjami naszych Gwiazd. Niew\u0105tpliwie od 12 lat symbolem tej pory roku jest wielki hit Damiana Holeckiego \u2013 <em>Z\u0142ote kasztany<\/em>. Chyba zapytani o jesienn\u0105 piosenk\u0119 w\u0142a\u015bnie ten utw\u00f3r wymienimy bez wahania.<\/p>\n\n\n\n<figure class=\"wp-block-embed is-type-video is-provider-youtube wp-block-embed-youtube wp-embed-aspect-16-9 wp-has-aspect-ratio\"><div class=\"wp-block-embed__wrapper\">\n<iframe loading=\"lazy\" title=\"Damian Holecki - Z\u0142ote kasztany\" width=\"990\" height=\"557\" src=\"https:\/\/www.youtube.com\/embed\/xQwi0LMIbmU?feature=oembed\" frameborder=\"0\" allow=\"accelerometer; autoplay; clipboard-write; encrypted-media; gyroscope; picture-in-picture\" allowfullscreen><\/iframe>\n<\/div><\/figure>\n\n\n\n<p>Jesiennych akcent\u00f3w nie brakuje te\u017c clipie Zespo\u0142u Banita Band \u2013 <em>Tylko z Tob\u0105<\/em>. Nakr\u0119cony w niezwyk\u0142ej scenerii clip powsta\u0142 w\u0142a\u015bnie wczesn\u0105 jesieni\u0105. R\u00f3wnie\u017c bardzo jesienny jest jeden z pierwszych teledysk\u00f3w Koli i Juli. Utalentowany Duet w\u0142a\u015bnie w jesiennej scenerii zrealizowa\u0142 teledysk do piosenki <em>M\u00f3j \u015al\u0105ski dom<\/em>. Jak si\u0119 okazuje jesie\u0144 nadal ma w sobie co\u015b inspiruj\u0105cego \u2013 w\u0142a\u015bnie na jesienne klimaty postawi\u0142a w swoim teledysku (<em>Zabujana<\/em>) Weronika.<\/p>\n\n\n\n<figure class=\"wp-block-embed is-type-video is-provider-youtube wp-block-embed-youtube wp-embed-aspect-16-9 wp-has-aspect-ratio\"><div class=\"wp-block-embed__wrapper\">\n<iframe loading=\"lazy\" title=\"WERONIKA - Zabujana HQ\" width=\"990\" height=\"557\" src=\"https:\/\/www.youtube.com\/embed\/0v_8PHbzRyo?feature=oembed\" frameborder=\"0\" allow=\"accelerometer; autoplay; clipboard-write; encrypted-media; gyroscope; picture-in-picture\" allowfullscreen><\/iframe>\n<\/div><\/figure>\n\n\n\n<figure class=\"wp-block-embed is-type-video is-provider-youtube wp-block-embed-youtube wp-embed-aspect-4-3 wp-has-aspect-ratio\"><div class=\"wp-block-embed__wrapper\">\n<iframe loading=\"lazy\" title=\"Kola &amp; Jula - M\u00f3j \u015bl\u0105ski dom\" width=\"990\" height=\"743\" src=\"https:\/\/www.youtube.com\/embed\/0JeFM7TVpYs?feature=oembed\" frameborder=\"0\" allow=\"accelerometer; autoplay; clipboard-write; encrypted-media; gyroscope; picture-in-picture\" allowfullscreen><\/iframe>\n<\/div><\/figure>\n\n\n\n<figure class=\"wp-block-embed is-type-video is-provider-youtube wp-block-embed-youtube wp-embed-aspect-16-9 wp-has-aspect-ratio\"><div class=\"wp-block-embed__wrapper\">\n<iframe loading=\"lazy\" title=\"Banita Band - Tylko z Tob\u0105\" width=\"990\" height=\"557\" src=\"https:\/\/www.youtube.com\/embed\/_v-DXmQEyXc?feature=oembed\" frameborder=\"0\" allow=\"accelerometer; autoplay; clipboard-write; encrypted-media; gyroscope; picture-in-picture\" allowfullscreen><\/iframe>\n<\/div><\/figure>\n","protected":false},"excerpt":{"rendered":"<p>Niestety, tegoroczne lato przesz\u0142o ju\u017c do historii. Pogoda by\u0142a zmienna, ale generalnie nie ma co narzeka\u0107. Czas na jesie\u0144 \u2013 &hellip; <a href=\"https:\/\/boxmusic.com.pl\/index.php\/2020\/09\/29\/w-rytmach-jesieni\/\" class=\"more-link\"><span class=\"more-button\">Czytaj dalej<span class=\"screen-reader-text\">W rytmach jesieni\u2026<\/span><\/span><\/a><\/p>\n","protected":false},"author":3,"featured_media":531,"comment_status":"closed","ping_status":"open","sticky":false,"template":"","format":"standard","meta":{"footnotes":""},"categories":[3],"tags":[],"class_list":["post-759","post","type-post","status-publish","format-standard","has-post-thumbnail","hentry","category-informacje"],"_links":{"self":[{"href":"https:\/\/boxmusic.com.pl\/index.php\/wp-json\/wp\/v2\/posts\/759","targetHints":{"allow":["GET"]}}],"collection":[{"href":"https:\/\/boxmusic.com.pl\/index.php\/wp-json\/wp\/v2\/posts"}],"about":[{"href":"https:\/\/boxmusic.com.pl\/index.php\/wp-json\/wp\/v2\/types\/post"}],"author":[{"embeddable":true,"href":"https:\/\/boxmusic.com.pl\/index.php\/wp-json\/wp\/v2\/users\/3"}],"replies":[{"embeddable":true,"href":"https:\/\/boxmusic.com.pl\/index.php\/wp-json\/wp\/v2\/comments?post=759"}],"version-history":[{"count":1,"href":"https:\/\/boxmusic.com.pl\/index.php\/wp-json\/wp\/v2\/posts\/759\/revisions"}],"predecessor-version":[{"id":760,"href":"https:\/\/boxmusic.com.pl\/index.php\/wp-json\/wp\/v2\/posts\/759\/revisions\/760"}],"wp:featuredmedia":[{"embeddable":true,"href":"https:\/\/boxmusic.com.pl\/index.php\/wp-json\/wp\/v2\/media\/531"}],"wp:attachment":[{"href":"https:\/\/boxmusic.com.pl\/index.php\/wp-json\/wp\/v2\/media?parent=759"}],"wp:term":[{"taxonomy":"category","embeddable":true,"href":"https:\/\/boxmusic.com.pl\/index.php\/wp-json\/wp\/v2\/categories?post=759"},{"taxonomy":"post_tag","embeddable":true,"href":"https:\/\/boxmusic.com.pl\/index.php\/wp-json\/wp\/v2\/tags?post=759"}],"curies":[{"name":"wp","href":"https:\/\/api.w.org\/{rel}","templated":true}]}}